{"id":26163,"date":"2021-07-28T00:12:17","date_gmt":"2021-07-28T00:12:17","guid":{"rendered":"https:\/\/todoapulmon-rafaela.com\/?p=26163"},"modified":"2021-07-28T00:12:17","modified_gmt":"2021-07-28T00:12:17","slug":"unos-venden-alfajores-para-ir-al-mundial-y-otros-que-podrian-no-viajan-porque-no-saben-cuando-vuelven","status":"publish","type":"post","link":"https:\/\/todoapulmon-rafaela.com\/index.php\/2021\/07\/28\/unos-venden-alfajores-para-ir-al-mundial-y-otros-que-podrian-no-viajan-porque-no-saben-cuando-vuelven\/","title":{"rendered":"Unos venden alfajores para ir al Mundial y otros, que podr\u00edan, no viajan porque no saben cu\u00e1ndo vuelven"},"content":{"rendered":"<p>El seleccionado argentino sub-20 de waterpolo vende alfajores para pagar los pasajes y viajar al mundial.<br \/>\nLa Copa del Mundo, que se iba a disputar en Buenos Aires, cambi\u00f3 su sede por Praga, para la misma fecha: 28 de agosto al 8 de septiembre, ante la situaci\u00f3n por la pandemia, algo que ya pas\u00f3 en otros deportes por las recomendaciones del gobierno. Entonces \u201clos yacarecitos\u201d se enteraron que nadie hab\u00eda previsto fondos para costear su viaje.<br \/>\nPara lograr este prop\u00f3sito, los deportistas, adem\u00e1s de habilitar una cuenta en Mercado Pago para que los interesados en colaborar puedan realizar su donaci\u00f3n, venden alfajores en la ciudad de Santa Fe. \u201cLos vendemos a 400 pesos la docena\u201d, cuenta Mateo Freyre, aunque reconoce que lo recaudado a\u00fan no es suficiente. \u201cHabremos juntado el diez por ciento de lo que necesitamos\u201d, dice. Es uno de los jugadores de Regatas Santa Fe, junto a Nicol\u00e1s Fern\u00e1ndez. Se necesitan alredeor de 3.000 d\u00f3lares por jugador, aunque cuatro ya est\u00e1n en Europa porque juegan en Espa\u00f1a.<\/p>\n<p>\u201cConsultamos a la Federaci\u00f3n, a la Secretar\u00eda de Deportes, a todos lados y no hab\u00eda presupuesto\u201d, explica Gabriel Martino, entrenador del equipo lamentando que, para la mayor\u00eda de los jugadores, \u00e9ste puede ser su \u00faltimo mundial en esta categor\u00eda.<br \/>\nSi el viaje se financiase exclusivamente con la venta de alfajores,\u00a0 \u201clos yacarecitos\u201d deber\u00edan vender m\u00e1s de 1.300 docenas para cubrir los 3000 d\u00f3lares que necesita cada deportista.<br \/>\nMartino considera que \u201cla situaci\u00f3n es complicada por los tiempos que estamos viviendo\u201d y si bien entiende que \u201cpara muchos puede no ser importante\u201d, se\u00f1ala un punto que para \u00e9l no es desde\u00f1able: \u201cLos jugadores van a representar a la Argentina\u201d.<br \/>\nEn la cuenta de instagram @waterpoloarg_jrs pueden comunicarse con los chicos de la selecci\u00f3n argentina quienes deseen colaborar.<\/p>\n<p>LOS CHICOS DE TENIS QUE NO PODRAN TENER SU MUNDIAL<\/p>\n<p>El equipo argentino Sub 14 de tenis no participar\u00e1 del Mundial de la categor\u00eda que se llevar\u00e1 a cabo en Prostejov, Rep\u00fablica Checa, durante la semana del 2 de agosto, ante la falta de garant\u00edas para el retorno de la delegaci\u00f3n debido a las restricciones que rigen para el ingreso al pa\u00eds producto de la vigencia de la pandemia.<br \/>\nEl equipo conformado por Valent\u00edn Garay, Romeo Arcuschin y Mateo Carballo, y dirigido por el capit\u00e1n Gonzalo Presson, hab\u00eda logrado la clasificaci\u00f3n en el Sudamericano de Paraguay que se disput\u00f3 entre el 21 y el 26 de junio. En aquella oportunidad la delegaci\u00f3n completa pudo regresar de Asunci\u00f3n reci\u00e9n cinco d\u00edas despu\u00e9s de finalizada la competencia, una situaci\u00f3n similar a la que vivieron representativos nacionales de otras disciplinas durante las \u00faltimas semanas.<\/p>\n<p><img loading=\"lazy\" decoding=\"async\" class=\"alignnone size-medium wp-image-26164\" src=\"https:\/\/todoapulmon-rafaela.com\/wp-content\/uploads\/2021\/07\/Tenis-sub-14-300x225.jpeg\" alt=\"Tenis sub 14\" width=\"300\" height=\"225\" srcset=\"https:\/\/todoapulmon-rafaela.com\/wp-content\/uploads\/2021\/07\/Tenis-sub-14-300x225.jpeg 300w, https:\/\/todoapulmon-rafaela.com\/wp-content\/uploads\/2021\/07\/Tenis-sub-14.jpeg 1024w\" sizes=\"(max-width: 300px) 100vw, 300px\" \/><br \/>\nA pesar de las gestiones iniciadas por la Asociaci\u00f3n Argentina de Tenis inmediatamente despu\u00e9s del Sudamericano para que el equipo pudiera viajar a Prostejov, la falta de garant\u00edas para el retorno propici\u00f3 la suspensi\u00f3n del viaje, una decisi\u00f3n consensuada con los padres de los competidores.<\/p>\n<p>Fuentes: La Naci\u00f3n y El Gr\u00e1fico.<\/p>\n","protected":false},"excerpt":{"rendered":"<p>El seleccionado argentino sub-20 de waterpolo vende alfajores para pagar los pasajes y viajar al mundial. La Copa del Mundo,<\/p>\n","protected":false},"author":2,"featured_media":26165,"comment_status":"open","ping_status":"open","sticky":false,"template":"","format":"standard","meta":{"footnotes":""},"categories":[24],"tags":[],"class_list":["post-26163","post","type-post","status-publish","format-standard","has-post-thumbnail","hentry","category-noticias-destacadas"],"cc_featured_image_caption":{"caption_text":"El seleccionado argentino Sub 20 de waterpolo.","source_text":"","source_url":""},"_links":{"self":[{"href":"https:\/\/todoapulmon-rafaela.com\/index.php\/wp-json\/wp\/v2\/posts\/26163"}],"collection":[{"href":"https:\/\/todoapulmon-rafaela.com\/index.php\/wp-json\/wp\/v2\/posts"}],"about":[{"href":"https:\/\/todoapulmon-rafaela.com\/index.php\/wp-json\/wp\/v2\/types\/post"}],"author":[{"embeddable":true,"href":"https:\/\/todoapulmon-rafaela.com\/index.php\/wp-json\/wp\/v2\/users\/2"}],"replies":[{"embeddable":true,"href":"https:\/\/todoapulmon-rafaela.com\/index.php\/wp-json\/wp\/v2\/comments?post=26163"}],"version-history":[{"count":1,"href":"https:\/\/todoapulmon-rafaela.com\/index.php\/wp-json\/wp\/v2\/posts\/26163\/revisions"}],"predecessor-version":[{"id":26166,"href":"https:\/\/todoapulmon-rafaela.com\/index.php\/wp-json\/wp\/v2\/posts\/26163\/revisions\/26166"}],"wp:featuredmedia":[{"embeddable":true,"href":"https:\/\/todoapulmon-rafaela.com\/index.php\/wp-json\/wp\/v2\/media\/26165"}],"wp:attachment":[{"href":"https:\/\/todoapulmon-rafaela.com\/index.php\/wp-json\/wp\/v2\/media?parent=26163"}],"wp:term":[{"taxonomy":"category","embeddable":true,"href":"https:\/\/todoapulmon-rafaela.com\/index.php\/wp-json\/wp\/v2\/categories?post=26163"},{"taxonomy":"post_tag","embeddable":true,"href":"https:\/\/todoapulmon-rafaela.com\/index.php\/wp-json\/wp\/v2\/tags?post=26163"}],"curies":[{"name":"wp","href":"https:\/\/api.w.org\/{rel}","templated":true}]}}