{"id":26160,"date":"2021-07-27T17:39:20","date_gmt":"2021-07-27T17:39:20","guid":{"rendered":"https:\/\/todoapulmon-rafaela.com\/?p=26160"},"modified":"2021-07-27T17:39:20","modified_gmt":"2021-07-27T17:39:20","slug":"simone-biles-se-retiro-de-la-prueba-por-demonios-en-la-cabeza","status":"publish","type":"post","link":"https:\/\/todoapulmon-rafaela.com\/index.php\/2021\/07\/27\/simone-biles-se-retiro-de-la-prueba-por-demonios-en-la-cabeza\/","title":{"rendered":"Simone Biles se retir\u00f3 de la prueba por \u00abdemonios en la cabeza\u00bb"},"content":{"rendered":"<p>La estadounidense Simone Biles, superestrella de la gimnasia, explic\u00f3 que su retiro de la competencia por equipos femeninos de los Juegos Ol\u00edmpicos de Tokio 2020 se debi\u00f3 a \u00abdemonios en la cabeza\u00bb y se\u00f1al\u00f3 su intenci\u00f3n de cuidar su \u00absalud mental\u00bb.<\/p>\n<p>\u00abDesde que entro al tapiz, estoy yo sola con mi cabeza, tratando con demonios en mi cabeza (&#8230;) Debo hacer lo que es bueno para m\u00ed y concentrarme en mi salud mental y no comprometer mi salud y mi bienestar\u00bb, explic\u00f3 Biles a la prensa, seg\u00fan la agencia AFP.<\/p>\n<div class=\"banner-box\">\u00a0Biles, de 24 a\u00f1os y cuatro veces campeona ol\u00edmpica en R\u00edo 2016, hab\u00eda abandonado a sus compa\u00f1eras del &#8216;Team USA&#8217; tras su paso por el primer aparato, la barra de equilibrio, donde estuvo por debajo de sus est\u00e1ndares habituales, con una nota de 13,766 puntos.Primero se dijo que la baja de Biles se deb\u00eda a una lesi\u00f3n. En la competencia, finalmente Estados Unidos se llev\u00f3 la medalla de plata y el Comit\u00e9 Ol\u00edmpico Ruso fue el ganador.<\/p>\n<p>Biles recibi\u00f3 sonriente su medalla y no parec\u00eda sufrir ning\u00fan problema f\u00edsico, como hab\u00edan deslizado desde USA Gymnastics. Despu\u00e9s, la gimnasta cont\u00f3 que sent\u00eda una fuerte presi\u00f3n psicol\u00f3gica ante el reto de sus finales en Tokio.<\/p>\n<p>\u00abNo tengo tanta confianza en m\u00ed como antes, no s\u00e9 si es una cuesti\u00f3n de edad. Estoy un poco m\u00e1s nerviosa cuando estoy haciendo mi deporte. Tengo la impresi\u00f3n de que ya no puedo disfrutar como antes\u00bb, a\u00f1adi\u00f3, haci\u00e9ndose eco de una declaraciones recientes de la tenista japonesa Naomi Osaka, que tambi\u00e9n habl\u00f3 p\u00fablicamente de su salud mental y los problemas que estaba experimentando ante la presi\u00f3n medi\u00e1tica.<\/p>\n<p>Osaka, segunda favorita y encargada de encender el pebetero ol\u00edmpico en la ceremonia de apertura de los Juegos, qued\u00f3 eliminada de la competencia individual de tenis hoy luego de perder la checa Mark\u00e9ta Vondrousova (42) por 6-1 y 6-4 en los octavos de final.<\/p>\n<\/div>\n","protected":false},"excerpt":{"rendered":"<p>La estadounidense Simone Biles, superestrella de la gimnasia, explic\u00f3 que su retiro de la competencia por equipos femeninos de los<\/p>\n","protected":false},"author":2,"featured_media":26161,"comment_status":"open","ping_status":"open","sticky":false,"template":"","format":"standard","meta":{"footnotes":""},"categories":[1],"tags":[],"class_list":["post-26160","post","type-post","status-publish","format-standard","has-post-thumbnail","hentry","category-sin-categoria"],"cc_featured_image_caption":{"caption_text":"Biles qued\u00f3 marginada de la final luego de realizar un salto err\u00e1tico (Foto: AP)","source_text":"","source_url":""},"_links":{"self":[{"href":"https:\/\/todoapulmon-rafaela.com\/index.php\/wp-json\/wp\/v2\/posts\/26160"}],"collection":[{"href":"https:\/\/todoapulmon-rafaela.com\/index.php\/wp-json\/wp\/v2\/posts"}],"about":[{"href":"https:\/\/todoapulmon-rafaela.com\/index.php\/wp-json\/wp\/v2\/types\/post"}],"author":[{"embeddable":true,"href":"https:\/\/todoapulmon-rafaela.com\/index.php\/wp-json\/wp\/v2\/users\/2"}],"replies":[{"embeddable":true,"href":"https:\/\/todoapulmon-rafaela.com\/index.php\/wp-json\/wp\/v2\/comments?post=26160"}],"version-history":[{"count":1,"href":"https:\/\/todoapulmon-rafaela.com\/index.php\/wp-json\/wp\/v2\/posts\/26160\/revisions"}],"predecessor-version":[{"id":26162,"href":"https:\/\/todoapulmon-rafaela.com\/index.php\/wp-json\/wp\/v2\/posts\/26160\/revisions\/26162"}],"wp:featuredmedia":[{"embeddable":true,"href":"https:\/\/todoapulmon-rafaela.com\/index.php\/wp-json\/wp\/v2\/media\/26161"}],"wp:attachment":[{"href":"https:\/\/todoapulmon-rafaela.com\/index.php\/wp-json\/wp\/v2\/media?parent=26160"}],"wp:term":[{"taxonomy":"category","embeddable":true,"href":"https:\/\/todoapulmon-rafaela.com\/index.php\/wp-json\/wp\/v2\/categories?post=26160"},{"taxonomy":"post_tag","embeddable":true,"href":"https:\/\/todoapulmon-rafaela.com\/index.php\/wp-json\/wp\/v2\/tags?post=26160"}],"curies":[{"name":"wp","href":"https:\/\/api.w.org\/{rel}","templated":true}]}}