{"id":26113,"date":"2021-07-25T20:54:06","date_gmt":"2021-07-25T20:54:06","guid":{"rendered":"https:\/\/todoapulmon-rafaela.com\/?p=26113"},"modified":"2021-07-26T00:31:47","modified_gmt":"2021-07-26T00:31:47","slug":"dejan-sin-mundial-a-tomy-mondino-y-otros-atletas","status":"publish","type":"post","link":"https:\/\/todoapulmon-rafaela.com\/index.php\/2021\/07\/25\/dejan-sin-mundial-a-tomy-mondino-y-otros-atletas\/","title":{"rendered":"Dejan sin Mundial a Tomy Mondino y otros atletas"},"content":{"rendered":"<p>El deporte argentino en estos \u00faltimos tiempos est\u00e1 padeciendo dificultades de organizaci\u00f3n que nos remiten a tristes momentos de d\u00e9cadas pasadas y en el atletismo se est\u00e1 evidenciando de forma mucho m\u00e1s preocupante.<\/p>\n<div dir=\"auto\">Luego del papel\u00f3n con la historia del Sudamericano de Mayores en Ecuador donde tuvo que intervenir el influencer Santiago Maratea\u00a0para ponerse el viaje de la delegaci\u00f3n completa en un charter, ahora son cinco chicos que hoy se est\u00e1n quedando afuera del Mundial U20, previsto en Nairobi, Kenia, del 17 al 22 de agosto, para el cual lograron las respectivas marcas m\u00ednimas. Entre ellos el rafaelino Tom\u00e1s Mondino, como lo destacamos en numerosas oportunidades tras su excelente performance en el Sudamericano de Lima donde fue bicampe\u00f3n, logrando los t\u00edtulos de 100 y 200 metros llanos. Los otros afectados son la santafesina Luciana G\u00f3mez Iriondo (salto con garrocha), el bonaerense Bautista Diamante (100 y 200 m. llanos),\u00a0 el concordiense Dylan Van der Hock (3.000 con obst\u00e1culos) y el uruguayanse Sebasti\u00e1n Tomassi (lanzamiento de martillo).<\/div>\n<p>La CADA le pasa la pelota al gobierno nacional, por el tema de la pandemia y la dificultosa situaci\u00f3n en cuanto a los viajes, pero tambi\u00e9n hace menci\u00f3n al costo de los pasajes. Y de acuerdo a lo que mencionan off the record padres de los chicos, ese es el tema central. Que no hay fondos, o no se quiere disponer para que cinco chicos vayan a representar al pa\u00eds a un Mundial. Sin importarle lo m\u00e1s m\u00ednimo que se destrozan las ilusiones de juveniles entre 16 a\u00f1os (como Tomy) y 19, algunos de los cuales ya no podr\u00e1n estar en otro Mundial, por lo menos en esta categor\u00eda.<\/p>\n<p><img loading=\"lazy\" decoding=\"async\" class=\"alignnone size-medium wp-image-26121\" src=\"https:\/\/todoapulmon-rafaela.com\/wp-content\/uploads\/2021\/07\/Screenshot_2021-07-25-18-11-32-11-197x300.png\" alt=\"Screenshot_2021-07-25-18-11-32-1[1]\" width=\"197\" height=\"300\" srcset=\"https:\/\/todoapulmon-rafaela.com\/wp-content\/uploads\/2021\/07\/Screenshot_2021-07-25-18-11-32-11-197x300.png 197w, https:\/\/todoapulmon-rafaela.com\/wp-content\/uploads\/2021\/07\/Screenshot_2021-07-25-18-11-32-11.png 720w\" sizes=\"(max-width: 197px) 100vw, 197px\" \/><\/p>\n<p>A continuaci\u00f3n el comunicado oficial de CADA, fijando su postura:<\/p>\n<p>\u00abEn su reuni\u00f3n de Consejo Directivo del d\u00eda de la fecha la Confederaci\u00f3n Argentina de Atletismo, teniendo en cuenta la situaci\u00f3n nacional de nuestro pa\u00eds, las actuales medidas del gobierno nacional y restricciones diversas que imperan en todo el mundo y un sinn\u00famero de inconvenientes derivados de la pandemia de COVID 19 y su actual agravamiento, que impiden la asistencia a Nairobi,<strong> ha resuelto no participar en la actual edici\u00f3n del campeonato mundial de U-20. <\/strong><\/p>\n<p>\u00abLa falta de garant\u00edas sobre la salida y regresos de los vuelos, se constituye en el impedimento m\u00e1s fuerte, m\u00e1s los altos costos de los pasajes que superan diez veces los valores normales para los argentinos, determinan esta situaci\u00f3n. Tampoco podemos tener ninguna garant\u00eda de instituci\u00f3n alguna para enviar sin riesgos una delegaci\u00f3n al exterior. Pues las autoridades especificas del orden nacional de deportes y de salud as\u00ed lo indican. Es de p\u00fablico conocimiento que numerosos deportistas se encuentran demorados en el exterior y todav\u00eda es incierto el regreso de parte de los atletas ol\u00edmpicos.<\/p>\n<p>La CADA ha venido realizando numerosas gestiones ante todos los organismos necesarios para poder solucionar la presencia en el mundial, pero las actuales circunstancias hacen imposible tal cometido y no tenemos las garant\u00edas necesarias para la mencionada participaci\u00f3n. Lamentablemente los j\u00f3venes de la categor\u00eda U-20 que no pudieron disputar durante el a\u00f1o 2020 el mundial, porque no se realiz\u00f3, tampoco podr\u00e1 ser este a\u00f1o, si podr\u00edan estar en el Campeonato Mundial U-20 Cali 2022 varios de ellos, y ya se est\u00e1 trabajando para que puedan estar en el Sudamericano U-18 los que corresponden por edad, en el Panamericano U-20, en el Sudamericano U-23 y en el Panamericano U-23, siempre que mejoren las actuales condiciones.<\/p>\n<p>Las autoridades de la CADA ponen a disposici\u00f3n los servicios de nuestro Grupo Interdisciplinario mediante la interconexi\u00f3n con los responsables de la categor\u00eda, a todo el equipo oportunamente designado\u00bb.<\/p>\n<p>Quedan todav\u00eda unos d\u00edas por delante. Ojal\u00e1 la sensatez llegue a dirigentes y funcionarios para no cometer m\u00e1s injusticias.<\/p>\n","protected":false},"excerpt":{"rendered":"<p>El deporte argentino en estos \u00faltimos tiempos est\u00e1 padeciendo dificultades de organizaci\u00f3n que nos remiten a tristes momentos de d\u00e9cadas<\/p>\n","protected":false},"author":2,"featured_media":26115,"comment_status":"open","ping_status":"open","sticky":false,"template":"","format":"standard","meta":{"footnotes":""},"categories":[7,24],"tags":[],"class_list":["post-26113","post","type-post","status-publish","format-standard","has-post-thumbnail","hentry","category-atletismo","category-noticias-destacadas"],"cc_featured_image_caption":{"caption_text":"","source_text":"","source_url":""},"_links":{"self":[{"href":"https:\/\/todoapulmon-rafaela.com\/index.php\/wp-json\/wp\/v2\/posts\/26113"}],"collection":[{"href":"https:\/\/todoapulmon-rafaela.com\/index.php\/wp-json\/wp\/v2\/posts"}],"about":[{"href":"https:\/\/todoapulmon-rafaela.com\/index.php\/wp-json\/wp\/v2\/types\/post"}],"author":[{"embeddable":true,"href":"https:\/\/todoapulmon-rafaela.com\/index.php\/wp-json\/wp\/v2\/users\/2"}],"replies":[{"embeddable":true,"href":"https:\/\/todoapulmon-rafaela.com\/index.php\/wp-json\/wp\/v2\/comments?post=26113"}],"version-history":[{"count":8,"href":"https:\/\/todoapulmon-rafaela.com\/index.php\/wp-json\/wp\/v2\/posts\/26113\/revisions"}],"predecessor-version":[{"id":26127,"href":"https:\/\/todoapulmon-rafaela.com\/index.php\/wp-json\/wp\/v2\/posts\/26113\/revisions\/26127"}],"wp:featuredmedia":[{"embeddable":true,"href":"https:\/\/todoapulmon-rafaela.com\/index.php\/wp-json\/wp\/v2\/media\/26115"}],"wp:attachment":[{"href":"https:\/\/todoapulmon-rafaela.com\/index.php\/wp-json\/wp\/v2\/media?parent=26113"}],"wp:term":[{"taxonomy":"category","embeddable":true,"href":"https:\/\/todoapulmon-rafaela.com\/index.php\/wp-json\/wp\/v2\/categories?post=26113"},{"taxonomy":"post_tag","embeddable":true,"href":"https:\/\/todoapulmon-rafaela.com\/index.php\/wp-json\/wp\/v2\/tags?post=26113"}],"curies":[{"name":"wp","href":"https:\/\/api.w.org\/{rel}","templated":true}]}}