{"id":26083,"date":"2021-07-23T13:57:39","date_gmt":"2021-07-23T13:57:39","guid":{"rendered":"https:\/\/todoapulmon-rafaela.com\/?p=26083"},"modified":"2021-07-23T13:58:36","modified_gmt":"2021-07-23T13:58:36","slug":"un-desfile-emotivo-y-el-recuerdo-de-braian-toledo","status":"publish","type":"post","link":"https:\/\/todoapulmon-rafaela.com\/index.php\/2021\/07\/23\/un-desfile-emotivo-y-el-recuerdo-de-braian-toledo\/","title":{"rendered":"Un desfile emotivo y el recuerdo de Braian Toledo"},"content":{"rendered":"<p>Santiago Lange y Cecilia Carranza, los responsables de llevar al frente la bandera argentina en la ceremonia inaugural de Tokio 2020, recorrieron con emoci\u00f3n el corredor del estadio Nacional y recordaron, entre l\u00e1grimas, al fallecido atleta Braian Toledo.<\/p>\n<p>Al dar los primeros pasos, Carranza gir\u00f3 alrededor de Lange con las cuatro manos apretando el m\u00e1stil, y promovieron el \u00abagite\u00bb que se dio por parte de los deportistas argentinos. La dupla campeona en R\u00edo 2016 en la clase Nacra 17 del yachting se plant\u00f3 al frente de la delegaci\u00f3n y cristaliz\u00f3 otro sue\u00f1o cumplido como pareja deportiva.<\/p>\n<p>Lange, que tuvo sus primeros Juegos Ol\u00edmpicos en Se\u00fal 1988, est\u00e1 pr\u00f3ximo a cumplir 60 a\u00f1os y cuenta en su haber con tres medallas, ya que adem\u00e1s de la dorada, consigui\u00f3 dos bronces en la clase Tornado, en Atenas 2004 y Beijing 2008 con Carlos Esp\u00ednola como compa\u00f1ero.<\/p>\n<p>\u00abJusto estaba comentando que en este momento deber\u00eda estar Braian Toledo ac\u00e1 con nosotros y me emocion\u00e9. Pero todo es muy especial, estar con todo este gran equipo que tenemos, con todo el respeto y admiraci\u00f3n que siento por muchos.<\/p>\n<p>Estoy muy feliz\u00bb, afirm\u00f3 Carranza, rosarina de 34 a\u00f1os. \u00abOjal\u00e1 nos d\u00e9 mucha fuerza a todos, nos tiene que dar un shock de energ\u00eda para dejarlo todo en la cancha cada uno en su deporte, como bien sabemos hacer los argentinos bien luchadores que somos\u00bb, agreg\u00f3. En tanto, Lange admiti\u00f3 estar \u00absuper emocionado\u00bb por poder compartir con atletas que se admiran \u00abprofundamente\u00bb en un momento \u00abmuy especial\u00bb de su vida.<\/p>\n<p>La dupla Lange-Carranaza Saroli fueron los abanderados de una festiva delegaci\u00f3n argentina compuesta por 186 deportistas, que participar\u00e1n en 26 de las 33 disciplinas que componen el evento.<\/p>\n<p>El primer pa\u00eds que inici\u00f3 el desfile de la 204 delegaciones fue Grecia, como cuna del olimpismo que comenz\u00f3 en el a\u00f1o 776 AC, seguido por el Equipo de Refugiados, Islandia, Irlanda. Azerbaiy\u00e1n, Emiratos \u00c1rabes Unidos (EAU), Argelia y noveno fue la Argentina, que hizo su presentaci\u00f3n a las 8.45.<\/p>\n<p>La ceremonia, que comenz\u00f3 puntualmente a las 8 tuvo como principales invitados al Emperador japon\u00e9s Nahurito, el presidente de Francia Emmauel Macron y la Primera dama estadounidense Jill Biden, desarroll\u00e1ndose con la presentaci\u00f3n de fuegos artificiales y espect\u00e1culos art\u00edsticos que en su mayor\u00eda resaltan la cultura japonesa.<\/p>\n","protected":false},"excerpt":{"rendered":"<p>Santiago Lange y Cecilia Carranza, los responsables de llevar al frente la bandera argentina en la ceremonia inaugural de Tokio<\/p>\n","protected":false},"author":2,"featured_media":26084,"comment_status":"open","ping_status":"open","sticky":false,"template":"","format":"standard","meta":{"footnotes":""},"categories":[24],"tags":[],"class_list":["post-26083","post","type-post","status-publish","format-standard","has-post-thumbnail","hentry","category-noticias-destacadas"],"cc_featured_image_caption":{"caption_text":"Foto Sportsfile","source_text":"","source_url":""},"_links":{"self":[{"href":"https:\/\/todoapulmon-rafaela.com\/index.php\/wp-json\/wp\/v2\/posts\/26083"}],"collection":[{"href":"https:\/\/todoapulmon-rafaela.com\/index.php\/wp-json\/wp\/v2\/posts"}],"about":[{"href":"https:\/\/todoapulmon-rafaela.com\/index.php\/wp-json\/wp\/v2\/types\/post"}],"author":[{"embeddable":true,"href":"https:\/\/todoapulmon-rafaela.com\/index.php\/wp-json\/wp\/v2\/users\/2"}],"replies":[{"embeddable":true,"href":"https:\/\/todoapulmon-rafaela.com\/index.php\/wp-json\/wp\/v2\/comments?post=26083"}],"version-history":[{"count":1,"href":"https:\/\/todoapulmon-rafaela.com\/index.php\/wp-json\/wp\/v2\/posts\/26083\/revisions"}],"predecessor-version":[{"id":26085,"href":"https:\/\/todoapulmon-rafaela.com\/index.php\/wp-json\/wp\/v2\/posts\/26083\/revisions\/26085"}],"wp:featuredmedia":[{"embeddable":true,"href":"https:\/\/todoapulmon-rafaela.com\/index.php\/wp-json\/wp\/v2\/media\/26084"}],"wp:attachment":[{"href":"https:\/\/todoapulmon-rafaela.com\/index.php\/wp-json\/wp\/v2\/media?parent=26083"}],"wp:term":[{"taxonomy":"category","embeddable":true,"href":"https:\/\/todoapulmon-rafaela.com\/index.php\/wp-json\/wp\/v2\/categories?post=26083"},{"taxonomy":"post_tag","embeddable":true,"href":"https:\/\/todoapulmon-rafaela.com\/index.php\/wp-json\/wp\/v2\/tags?post=26083"}],"curies":[{"name":"wp","href":"https:\/\/api.w.org\/{rel}","templated":true}]}}