{"id":25985,"date":"2021-07-15T11:57:18","date_gmt":"2021-07-15T11:57:18","guid":{"rendered":"https:\/\/todoapulmon-rafaela.com\/?p=25985"},"modified":"2021-07-15T11:57:18","modified_gmt":"2021-07-15T11:57:18","slug":"es-como-empezar-de-nuevo","status":"publish","type":"post","link":"https:\/\/todoapulmon-rafaela.com\/index.php\/2021\/07\/15\/es-como-empezar-de-nuevo\/","title":{"rendered":"\u00abEs como empezar de nuevo\u00bb"},"content":{"rendered":"<p>Quique L\u00f3pez Durando se refiri\u00f3 a las complicaciones que ocasion\u00f3 el parate en el nivel f\u00edsico de los jugadores, pensando en el TRL si puede concretarse.<\/p>\n<p>&nbsp;<\/p>\n<p>Despu\u00e9s de dos meses sin entrenamientos en los clubes debido a las restricciones por la emergencia sanitaria, por un lado la ilusi\u00f3n de ponerse en marcha gener\u00f3 satisfacci\u00f3n, pero a la vez comprobar las secuelas de la interrupci\u00f3n del trabajo planificado en un d\u00eda a d\u00eda, motiv\u00f3 varios lamentos en el cuerpo t\u00e9cnico del C\u00edrculo Rafaelino de Rugby.<\/p>\n<p>El plantel del Verde a comienzos de abril estaba encaminado a una temporada bastante cercana en normalidad a las anteriores, pero como sucedi\u00f3 en varios deportes, el parate se hizo largo y pas\u00f3 factura.<\/p>\n<p>\u00abEstuvimos entrenando en las primeras semanas en dos horarios, reducidos en gente. La limitante de la circulaci\u00f3n horaria nos afect\u00f3 bastante, debido a los compromisos laborales. Igualmente tratamos de unificarlo en la tardecita, m\u00e1s all\u00e1 que para muchos no es c\u00f3modo\u00bb, explic\u00f3 el Head Coach Quique L\u00f3pez Durando.<\/p>\n<p>Habr\u00e1 que dedicar un buen tiempo para poner a punto otra vez a los jugadores y retomar el ritmo de juego, como se esperaba. \u00abNo los encontramos a los jugadores de la mejor manera, muchos entrenaron solos pero es entendible que la exigencia no es la misma, se nota en alg\u00fan sobrepeso, la capacidad aer\u00f3bica no es la misma que cuando cortamos, y la fuerza tampoco es similar. No es igual entrenar en un gimnasio que en tu casa, o hacer un fondo con un grupo y un profe, que solo. Es como empezar de nuevo, debemos tener intensidades bajas para evitar lesiones, adem\u00e1s no se puede hacer contacto\u00bb, describi\u00f3 el entrenador.<\/p>\n<p>Sobre lo deportivo, su deseo es el que han esbozado los referentes de la organizaci\u00f3n del TRL. \u00abLa perspectiva es jugar a comienzos de agosto, tengo ilusiones que as\u00ed sea, de acuerdo a lo que comentan los dirigentes. De todos modos, planificaci\u00f3n con certeza no hay nada. Hemos tenidos jugadores que durante dos meses no hicieron lo suficiente, y estamos con un faltante de jugadores. Tenemos 66 fichados, cont\u00e1bamos con un promedio de 45 por pr\u00e1ctica en marzo, y en las primeras semanas al retorno tenemos bastante menos, fundamentalmente por decisiones de precauci\u00f3n en cuanto a la familiar\u00bb, lament\u00f3 Quique.<\/p>\n<p>En estos momentos los objetivos pasan por \u00abcontar con todos los jugadores posibles, buscamos pr\u00e1cticas entretenidas mas que intensas, ya que el proceso de recuperaci\u00f3n tambi\u00e9n se prolonga m\u00e1s ahora. Si bien siempe aplicamos algun gesto t\u00e9cnico no lo priorizamos todav\u00eda. Las esperanzas est\u00e1n en jugar, creo que en agosto se va a jugar. Ah\u00ed apostamos todas las fichas\u00bb.<\/p>\n<p>VA A SER DIFICIL<\/p>\n<p>Finalmente, ante la consulta si cree que podr\u00e1 tener disponible a Pedro Rubiolo en el torneo cuando se dispute, respondi\u00f3 que \u00aben realidad tengo la ilusi\u00f3n de poder contarlo en alg\u00fan partido, pero creo que est\u00e1 para otra cosa y va a seguir teniendo convocatorias para equipos nacionales. Ojal\u00e1, pero no s\u00e9 si podremos tenerlo en los pr\u00f3ximos meses enel club, y el a\u00f1o que viene decididamente su futuro deportivo estar\u00e1 en otro lado\u00bb.<\/p>\n<p>&nbsp;<\/p>\n","protected":false},"excerpt":{"rendered":"<p>Quique L\u00f3pez Durando se refiri\u00f3 a las complicaciones que ocasion\u00f3 el parate en el nivel f\u00edsico de los jugadores, pensando<\/p>\n","protected":false},"author":2,"featured_media":25986,"comment_status":"open","ping_status":"open","sticky":false,"template":"","format":"standard","meta":{"footnotes":""},"categories":[24,2],"tags":[],"class_list":["post-25985","post","type-post","status-publish","format-standard","has-post-thumbnail","hentry","category-noticias-destacadas","category-rugby"],"cc_featured_image_caption":{"caption_text":"La nota con el Head Coach del CRAR en la edici\u00f3n impresa de Revista Todo a Pulm\u00f3n.","source_text":"","source_url":""},"_links":{"self":[{"href":"https:\/\/todoapulmon-rafaela.com\/index.php\/wp-json\/wp\/v2\/posts\/25985"}],"collection":[{"href":"https:\/\/todoapulmon-rafaela.com\/index.php\/wp-json\/wp\/v2\/posts"}],"about":[{"href":"https:\/\/todoapulmon-rafaela.com\/index.php\/wp-json\/wp\/v2\/types\/post"}],"author":[{"embeddable":true,"href":"https:\/\/todoapulmon-rafaela.com\/index.php\/wp-json\/wp\/v2\/users\/2"}],"replies":[{"embeddable":true,"href":"https:\/\/todoapulmon-rafaela.com\/index.php\/wp-json\/wp\/v2\/comments?post=25985"}],"version-history":[{"count":1,"href":"https:\/\/todoapulmon-rafaela.com\/index.php\/wp-json\/wp\/v2\/posts\/25985\/revisions"}],"predecessor-version":[{"id":25987,"href":"https:\/\/todoapulmon-rafaela.com\/index.php\/wp-json\/wp\/v2\/posts\/25985\/revisions\/25987"}],"wp:featuredmedia":[{"embeddable":true,"href":"https:\/\/todoapulmon-rafaela.com\/index.php\/wp-json\/wp\/v2\/media\/25986"}],"wp:attachment":[{"href":"https:\/\/todoapulmon-rafaela.com\/index.php\/wp-json\/wp\/v2\/media?parent=25985"}],"wp:term":[{"taxonomy":"category","embeddable":true,"href":"https:\/\/todoapulmon-rafaela.com\/index.php\/wp-json\/wp\/v2\/categories?post=25985"},{"taxonomy":"post_tag","embeddable":true,"href":"https:\/\/todoapulmon-rafaela.com\/index.php\/wp-json\/wp\/v2\/tags?post=25985"}],"curies":[{"name":"wp","href":"https:\/\/api.w.org\/{rel}","templated":true}]}}