{"id":25971,"date":"2021-07-14T18:20:28","date_gmt":"2021-07-14T18:20:28","guid":{"rendered":"https:\/\/todoapulmon-rafaela.com\/?p=25971"},"modified":"2021-07-14T18:22:07","modified_gmt":"2021-07-14T18:22:07","slug":"ahora-tengo-un-angel-que-me-sonrie-desde-el-cielo","status":"publish","type":"post","link":"https:\/\/todoapulmon-rafaela.com\/index.php\/2021\/07\/14\/ahora-tengo-un-angel-que-me-sonrie-desde-el-cielo\/","title":{"rendered":"\u00abAhora tengo un \u00e1ngel que me sonr\u00ede desde el cielo\u00bb"},"content":{"rendered":"<p>Valentina Peretto sufri\u00f3 la p\u00e9rdida de su padre en esta pandemia y lo record\u00f3 valorando el apoyo fundamental que es, para los deportistas, sentirse acompa\u00f1ados por la familia.<\/p>\n<p>&nbsp;<\/p>\n<p>El acompa\u00f1amiento de los afectos m\u00e1s cercanos para un ni\u00f1o en sus actividades deportivas, fundamentalmente en las competencias, es muy importante. Esa inocencia natural en las edades tempranas se alimenta de miradas de aprobaci\u00f3n y satisfacci\u00f3n, de abrazos y besos despu\u00e9s de un partido, de una rutina, de una carrera, en definitiva de lo que se trate la disciplina.<\/p>\n<p>Los padres son los primeros hinchas, los que contienen si algo no sali\u00f3 como se esperaba y los que comparten la alegr\u00eda del objetivo alcanzado. Pero suele suceder, probablemente con m\u00e1s frecuencia en los \u00faltimos a\u00f1os, que a medida que el chico va creciendo, esa relaci\u00f3n de acompa\u00f1amiento no es la misma que de ni\u00f1o.<\/p>\n<p>Valentina Peretto nos cont\u00f3, dentro de un momento personal dif\u00edcil por el fallecimiento de su padre Jorge en este a\u00f1o tan duro, su experiencia de fidelidad incondicional en este aspecto. La destacada gimnasta de CREAR Club se muestra muy agradecida del respaldo de su familia, lo cual ayuda a comprender tambi\u00e9n su pasi\u00f3n por la gimnasia art\u00edstica.<\/p>\n<p>\u00abDesde el momento que eleg\u00ed la gimnasia a los 7 a\u00f1os y hasta ahora con 22 a\u00f1os, mis padres\u00a0jam\u00e1s se perdieron una competencia y si lo hicieron\u00a0fue por una cuesti\u00f3n econ\u00f3mica, pero generalmente hac\u00edan lo imposible para estar presentes.<\/p>\n<p>\u00abSiempre estuvieron sentados en la tribuna alent\u00e1ndome. Cuando algo me sal\u00eda mal, siempre esas dos personas con un solo gesto y una sonrisa\u00a0me daban las fuerzas para seguir adelante con la competencia\u00bb, valor\u00f3 Vale.<\/p>\n<p>Para quienes piensan que la edad puede ser un condicionante, agreg\u00f3: \u00abMuchas personas dec\u00edan: \u00bfNo te averguenza que con 20 a\u00f1os te vengan a ver tus pap\u00e1s?. Nunca me import\u00f3 el que dir\u00e1n ya que estoy muy orgullosa de ellos. Solo pienso en lo afortunada que soy de tener a unos padres maravillosos que me apoyaron en todas.<\/p>\n<p>\u00abMe guiaron por el camino de los sue\u00f1os, nunca me dejaron bajar los brazos y me ense\u00f1aron a luchar siempre por lo que me hace feliz\u00bb.<\/p>\n<p>Sobre el reciente fallecimiento de su padre, sufriendo a\u00fan las consecuencias de un golpe muy duro, nos cont\u00f3 que \u00abLamentablemente hace un mes sufr\u00ed la p\u00e9rdida de mi padre a causa de la situaci\u00f3n que actualmente aqueja al mundo, es duro pensar\u00a0que no va a poder estar en mis pr\u00f3ximas competencias, pero se que ahora tengo una \u00e1ngel que me sonr\u00ede desde el cielo\u00bb.<\/p>\n<p>\u00abEsta situaci\u00f3n no va a sacarme las ganas de entrenar sino que me alienta a seguir adelante porque se que \u00e9l hubiese querido eso\u00bb.<\/p>\n<p>Finalmente, a modo de mensaje, recalc\u00f3 que \u00abdesde mi experiencia creo que es fundamental el apoyo de los padres, nosotros los deportistas deber\u00edamos agradecer y valorar el esfuerzo que ellos realizan d\u00eda a d\u00eda para que seamos felices y alcancemos nuestros sue\u00f1os\u00bb.<\/p>\n<p>NOTA: publicaci\u00f3n textual de la edici\u00f3n impresa del n\u00famero 97 de Revista Todo a Pulm\u00f3n, julio 2021.<\/p>\n","protected":false},"excerpt":{"rendered":"<p>Valentina Peretto sufri\u00f3 la p\u00e9rdida de su padre en esta pandemia y lo record\u00f3 valorando el apoyo fundamental que es,<\/p>\n","protected":false},"author":2,"featured_media":25974,"comment_status":"open","ping_status":"open","sticky":false,"template":"","format":"standard","meta":{"footnotes":""},"categories":[24],"tags":[],"class_list":["post-25971","post","type-post","status-publish","format-standard","has-post-thumbnail","hentry","category-noticias-destacadas"],"cc_featured_image_caption":{"caption_text":"La nota en nuestra edici\u00f3n impresa del mes de julio.","source_text":"","source_url":""},"_links":{"self":[{"href":"https:\/\/todoapulmon-rafaela.com\/index.php\/wp-json\/wp\/v2\/posts\/25971"}],"collection":[{"href":"https:\/\/todoapulmon-rafaela.com\/index.php\/wp-json\/wp\/v2\/posts"}],"about":[{"href":"https:\/\/todoapulmon-rafaela.com\/index.php\/wp-json\/wp\/v2\/types\/post"}],"author":[{"embeddable":true,"href":"https:\/\/todoapulmon-rafaela.com\/index.php\/wp-json\/wp\/v2\/users\/2"}],"replies":[{"embeddable":true,"href":"https:\/\/todoapulmon-rafaela.com\/index.php\/wp-json\/wp\/v2\/comments?post=25971"}],"version-history":[{"count":1,"href":"https:\/\/todoapulmon-rafaela.com\/index.php\/wp-json\/wp\/v2\/posts\/25971\/revisions"}],"predecessor-version":[{"id":25973,"href":"https:\/\/todoapulmon-rafaela.com\/index.php\/wp-json\/wp\/v2\/posts\/25971\/revisions\/25973"}],"wp:featuredmedia":[{"embeddable":true,"href":"https:\/\/todoapulmon-rafaela.com\/index.php\/wp-json\/wp\/v2\/media\/25974"}],"wp:attachment":[{"href":"https:\/\/todoapulmon-rafaela.com\/index.php\/wp-json\/wp\/v2\/media?parent=25971"}],"wp:term":[{"taxonomy":"category","embeddable":true,"href":"https:\/\/todoapulmon-rafaela.com\/index.php\/wp-json\/wp\/v2\/categories?post=25971"},{"taxonomy":"post_tag","embeddable":true,"href":"https:\/\/todoapulmon-rafaela.com\/index.php\/wp-json\/wp\/v2\/tags?post=25971"}],"curies":[{"name":"wp","href":"https:\/\/api.w.org\/{rel}","templated":true}]}}