{"id":25926,"date":"2021-07-10T21:08:56","date_gmt":"2021-07-10T21:08:56","guid":{"rendered":"https:\/\/todoapulmon-rafaela.com\/?p=25926"},"modified":"2021-07-10T22:00:57","modified_gmt":"2021-07-10T22:00:57","slug":"bronce-para-las-postas-masculinas-con-presencia-rafaelina","status":"publish","type":"post","link":"https:\/\/todoapulmon-rafaela.com\/index.php\/2021\/07\/10\/bronce-para-las-postas-masculinas-con-presencia-rafaelina\/","title":{"rendered":"Bronce para las postas masculinas con presencia rafaelina"},"content":{"rendered":"<p>Las postas masculinas tuvieron una destacada labor en el Campeonato Sudamericano U20 que termina este martes en Lima, Per\u00fa. Tanto en la 4&#215;100 como en la 4&#215;400, con participaciones rafaelinas, Argentina obtuvo medalla de bronce.<\/p>\n<p>El equipo de 4&#215;100 metros, integrado por Bruno de Genaro, Tom\u00e1s Mondino, Pedro Emmert y Bautista Diamante sum\u00f3 otra medalla para Argentina. Esta vez fue la de bronce, con un tiempo de 41.27, escoltando a Brasil (41.01) y a Ecuador (41.11).<\/p>\n<p>M\u00e1s tarde, pasado el mediod\u00eda peruano, Emmert volvi\u00f3 a la pista del complejo VIDENA de la capital peruana para la m\u00e1s larga. Esta vez el\u00a0cuarteto estuvo integrado por Bruno de Genaro, Bautista Diamante, Mat\u00edas Reynaga y Emmert, que logr\u00f3 el tercer puesto con un tiempo de 3:18.92. El ganador de la prueba fue Brasil con 3:13.21, mientras que la medalla de plata qued\u00f3 para Ecuador con 3:15.58.<\/p>\n<p>De tal modo, Mondino culmin\u00f3 su labor con dos hist\u00f3ricas medallas de oro en 100 y 200 metros llanos, con clasificaci\u00f3n al Mundial de la categor\u00eda incluido, y un bronce. Mientras que Emmert tambi\u00e9n tuvo un consagratorio segundo puesto (medalla de plata), en los 800 llanos, y los dos bronces de las postas, en su debut fuera del pa\u00eds en el atletismo a nivel internacional (ya lo hab\u00eda hecho en triatl\u00f3n).<\/p>\n","protected":false},"excerpt":{"rendered":"<p>Las postas masculinas tuvieron una destacada labor en el Campeonato Sudamericano U20 que termina este martes en Lima, Per\u00fa. Tanto<\/p>\n","protected":false},"author":2,"featured_media":25927,"comment_status":"open","ping_status":"open","sticky":false,"template":"","format":"standard","meta":{"footnotes":""},"categories":[7],"tags":[],"class_list":["post-25926","post","type-post","status-publish","format-standard","has-post-thumbnail","hentry","category-atletismo"],"cc_featured_image_caption":{"caption_text":"Pedro Emmert corri\u00f3 este s\u00e1bado las dos postas que fueron bronce (foto Federaci\u00f3n Peruana de Atletismo).","source_text":"","source_url":""},"_links":{"self":[{"href":"https:\/\/todoapulmon-rafaela.com\/index.php\/wp-json\/wp\/v2\/posts\/25926"}],"collection":[{"href":"https:\/\/todoapulmon-rafaela.com\/index.php\/wp-json\/wp\/v2\/posts"}],"about":[{"href":"https:\/\/todoapulmon-rafaela.com\/index.php\/wp-json\/wp\/v2\/types\/post"}],"author":[{"embeddable":true,"href":"https:\/\/todoapulmon-rafaela.com\/index.php\/wp-json\/wp\/v2\/users\/2"}],"replies":[{"embeddable":true,"href":"https:\/\/todoapulmon-rafaela.com\/index.php\/wp-json\/wp\/v2\/comments?post=25926"}],"version-history":[{"count":1,"href":"https:\/\/todoapulmon-rafaela.com\/index.php\/wp-json\/wp\/v2\/posts\/25926\/revisions"}],"predecessor-version":[{"id":25928,"href":"https:\/\/todoapulmon-rafaela.com\/index.php\/wp-json\/wp\/v2\/posts\/25926\/revisions\/25928"}],"wp:featuredmedia":[{"embeddable":true,"href":"https:\/\/todoapulmon-rafaela.com\/index.php\/wp-json\/wp\/v2\/media\/25927"}],"wp:attachment":[{"href":"https:\/\/todoapulmon-rafaela.com\/index.php\/wp-json\/wp\/v2\/media?parent=25926"}],"wp:term":[{"taxonomy":"category","embeddable":true,"href":"https:\/\/todoapulmon-rafaela.com\/index.php\/wp-json\/wp\/v2\/categories?post=25926"},{"taxonomy":"post_tag","embeddable":true,"href":"https:\/\/todoapulmon-rafaela.com\/index.php\/wp-json\/wp\/v2\/tags?post=25926"}],"curies":[{"name":"wp","href":"https:\/\/api.w.org\/{rel}","templated":true}]}}