{"id":25883,"date":"2021-07-08T22:20:41","date_gmt":"2021-07-08T22:20:41","guid":{"rendered":"https:\/\/todoapulmon-rafaela.com\/?p=25883"},"modified":"2021-07-08T22:20:41","modified_gmt":"2021-07-08T22:20:41","slug":"dolor-en-la-familia-raffaelli-el-covid-se-llevo-a-sebastian","status":"publish","type":"post","link":"https:\/\/todoapulmon-rafaela.com\/index.php\/2021\/07\/08\/dolor-en-la-familia-raffaelli-el-covid-se-llevo-a-sebastian\/","title":{"rendered":"Dolor en la familia Raffaelli, el covid se llev\u00f3 a Sebasti\u00e1n"},"content":{"rendered":"<p>En la tarde de este jueves nos enteramos de una dolorosa noticia, que afecta al ambiente del b\u00e1squet en general y a nuestra ciudad por la relaci\u00f3n con la familia Raffaelli. El sitio b\u00e1squetplus.com inform\u00f3 el fallecimiento en Buenos Aires de Sebasti\u00e1n, uno de los hijos mellizos del gran Carlos \u00abChocolate\u00bb Raffaelli, v\u00edctima del covid 19, y sobrino de Mario, tambi\u00e9n ex jugador y entrenador en nuestra ciudad.<\/p>\n<p>Ten\u00eda 43 a\u00f1os, pero esta segunda ola de la pandemia en nuestro pa\u00eds no supo de edades lamentablemente. Estuvo m\u00e1s de una semana peleando contra el terrible virus, pero no pudo salir adelante. Sebasti\u00e1n, como su hermano Lucas, visitaron asiduamente la ciudad de Rafaela acompa\u00f1ando a su padre. Actualmente se dedicaba tambi\u00e9n a la representaci\u00f3n de jugadores.<\/p>\n<p>En su juventud, al igual que su padre y hermano, fue jugador de Obras Sanitarias, aunque no lleg\u00f3 a trascender profesionalmente. Estuvo en el primer equipo cuando militaba en el viejo TNA, justamente cuando el equipo ascendi\u00f3 a la LNB en la temporada 1995\/96 que fue la primera que disput\u00f3 Ben Hur a nivel profesional.<\/p>\n<p>&nbsp;<\/p>\n","protected":false},"excerpt":{"rendered":"<p>En la tarde de este jueves nos enteramos de una dolorosa noticia, que afecta al ambiente del b\u00e1squet en general<\/p>\n","protected":false},"author":2,"featured_media":25884,"comment_status":"open","ping_status":"open","sticky":false,"template":"","format":"standard","meta":{"footnotes":""},"categories":[5],"tags":[],"class_list":["post-25883","post","type-post","status-publish","format-standard","has-post-thumbnail","hentry","category-basquet"],"cc_featured_image_caption":{"caption_text":"Sebasti\u00e1n Raffaelli falleci\u00f3 este jueves (foto B\u00e1squetplus.com).","source_text":"","source_url":""},"_links":{"self":[{"href":"https:\/\/todoapulmon-rafaela.com\/index.php\/wp-json\/wp\/v2\/posts\/25883"}],"collection":[{"href":"https:\/\/todoapulmon-rafaela.com\/index.php\/wp-json\/wp\/v2\/posts"}],"about":[{"href":"https:\/\/todoapulmon-rafaela.com\/index.php\/wp-json\/wp\/v2\/types\/post"}],"author":[{"embeddable":true,"href":"https:\/\/todoapulmon-rafaela.com\/index.php\/wp-json\/wp\/v2\/users\/2"}],"replies":[{"embeddable":true,"href":"https:\/\/todoapulmon-rafaela.com\/index.php\/wp-json\/wp\/v2\/comments?post=25883"}],"version-history":[{"count":1,"href":"https:\/\/todoapulmon-rafaela.com\/index.php\/wp-json\/wp\/v2\/posts\/25883\/revisions"}],"predecessor-version":[{"id":25885,"href":"https:\/\/todoapulmon-rafaela.com\/index.php\/wp-json\/wp\/v2\/posts\/25883\/revisions\/25885"}],"wp:featuredmedia":[{"embeddable":true,"href":"https:\/\/todoapulmon-rafaela.com\/index.php\/wp-json\/wp\/v2\/media\/25884"}],"wp:attachment":[{"href":"https:\/\/todoapulmon-rafaela.com\/index.php\/wp-json\/wp\/v2\/media?parent=25883"}],"wp:term":[{"taxonomy":"category","embeddable":true,"href":"https:\/\/todoapulmon-rafaela.com\/index.php\/wp-json\/wp\/v2\/categories?post=25883"},{"taxonomy":"post_tag","embeddable":true,"href":"https:\/\/todoapulmon-rafaela.com\/index.php\/wp-json\/wp\/v2\/tags?post=25883"}],"curies":[{"name":"wp","href":"https:\/\/api.w.org\/{rel}","templated":true}]}}