{"id":25828,"date":"2021-07-05T18:15:59","date_gmt":"2021-07-05T18:15:59","guid":{"rendered":"https:\/\/todoapulmon-rafaela.com\/?p=25828"},"modified":"2021-07-05T18:20:53","modified_gmt":"2021-07-05T18:20:53","slug":"valentino-dana-viajo-a-espana-para-competir","status":"publish","type":"post","link":"https:\/\/todoapulmon-rafaela.com\/index.php\/2021\/07\/05\/valentino-dana-viajo-a-espana-para-competir\/","title":{"rendered":"Valentino Dana viaj\u00f3 a Espa\u00f1a para entrenar y competir"},"content":{"rendered":"<p>Tal como nos lo hab\u00eda manifestado a comienzos de a\u00f1o, el ciclista rafaelino Valentino Dana viaj\u00f3 a Espa\u00f1a el fin de semana para realizar un per\u00edodo de entrenamientos y competencias con un equipo de ese pa\u00eds.<\/p>\n<p>El ascendente biker que vino formando parte del grupo de Tours Bike a cargo de Fabi\u00e1n Realini, tuvo la posibilidad de viajar pese a las complicaciones por las restricciones y ayer se instal\u00f3 en Vilanoba, Catalu\u00f1a. Valentino se unir\u00e1 a las filas del equipo cadete UCVilanova Sagales, hasta el 2 de septiembre, de acuerdo a lo previsto originalmente.<\/p>\n<p>En un tiempo tiene previsto trasladarse a Tarragona donde vive uno de sus compa\u00f1eros juniors de la escuadra. Este lunes tuvo su primer entrenamiento y ahora est\u00e1 al aguardo de la confirmaci\u00f3n de su primer carrera. Sin dudas ser\u00e1 un valioso aprendizaje para su futuro deportivo.<\/p>\n<p>&nbsp;<\/p>\n","protected":false},"excerpt":{"rendered":"<p>Tal como nos lo hab\u00eda manifestado a comienzos de a\u00f1o, el ciclista rafaelino Valentino Dana viaj\u00f3 a Espa\u00f1a el fin<\/p>\n","protected":false},"author":2,"featured_media":25829,"comment_status":"open","ping_status":"open","sticky":false,"template":"","format":"standard","meta":{"footnotes":""},"categories":[4,24],"tags":[],"class_list":["post-25828","post","type-post","status-publish","format-standard","has-post-thumbnail","hentry","category-ciclismo","category-noticias-destacadas"],"cc_featured_image_caption":{"caption_text":"El ciclista rafaelino tuvo este lunes su primer entrenamiento en Espa\u00f1a.","source_text":"","source_url":""},"_links":{"self":[{"href":"https:\/\/todoapulmon-rafaela.com\/index.php\/wp-json\/wp\/v2\/posts\/25828"}],"collection":[{"href":"https:\/\/todoapulmon-rafaela.com\/index.php\/wp-json\/wp\/v2\/posts"}],"about":[{"href":"https:\/\/todoapulmon-rafaela.com\/index.php\/wp-json\/wp\/v2\/types\/post"}],"author":[{"embeddable":true,"href":"https:\/\/todoapulmon-rafaela.com\/index.php\/wp-json\/wp\/v2\/users\/2"}],"replies":[{"embeddable":true,"href":"https:\/\/todoapulmon-rafaela.com\/index.php\/wp-json\/wp\/v2\/comments?post=25828"}],"version-history":[{"count":3,"href":"https:\/\/todoapulmon-rafaela.com\/index.php\/wp-json\/wp\/v2\/posts\/25828\/revisions"}],"predecessor-version":[{"id":25832,"href":"https:\/\/todoapulmon-rafaela.com\/index.php\/wp-json\/wp\/v2\/posts\/25828\/revisions\/25832"}],"wp:featuredmedia":[{"embeddable":true,"href":"https:\/\/todoapulmon-rafaela.com\/index.php\/wp-json\/wp\/v2\/media\/25829"}],"wp:attachment":[{"href":"https:\/\/todoapulmon-rafaela.com\/index.php\/wp-json\/wp\/v2\/media?parent=25828"}],"wp:term":[{"taxonomy":"category","embeddable":true,"href":"https:\/\/todoapulmon-rafaela.com\/index.php\/wp-json\/wp\/v2\/categories?post=25828"},{"taxonomy":"post_tag","embeddable":true,"href":"https:\/\/todoapulmon-rafaela.com\/index.php\/wp-json\/wp\/v2\/tags?post=25828"}],"curies":[{"name":"wp","href":"https:\/\/api.w.org\/{rel}","templated":true}]}}