{"id":25822,"date":"2021-07-05T17:33:58","date_gmt":"2021-07-05T17:33:58","guid":{"rendered":"https:\/\/todoapulmon-rafaela.com\/?p=25822"},"modified":"2021-07-05T17:39:20","modified_gmt":"2021-07-05T17:39:20","slug":"tras-las-reprogramaciones-coincidiran-el-trasmontana-y-el-argentino-de-rural-bike","status":"publish","type":"post","link":"https:\/\/todoapulmon-rafaela.com\/index.php\/2021\/07\/05\/tras-las-reprogramaciones-coincidiran-el-trasmontana-y-el-argentino-de-rural-bike\/","title":{"rendered":"Tras las reprogramaciones, coincidir\u00e1n el Trasmonta\u00f1a y el Argentino de Rural Bike"},"content":{"rendered":"<p>Hace ya m\u00e1s de dos meses est\u00e1n suspendidas las competencias de MTB y Rural Bike, como de la mayor\u00eda de los deportes en gran parte del pa\u00eds. Los organizadores de las distintas pruebas que debieron ser canceladas de abril en adelante empezaron a buscar m\u00e1s cerca de fin a\u00f1o las nuevas fechas disponibles.<\/p>\n<p>En ese aspecto, dos importantes eventos estar\u00e1n coincidiendo el fin de semana del 20 y 21 de noviembre: el Trasmonta\u00f1a en Tucum\u00e1n y el Argentino de Rural Bike en Marcos Ju\u00e1rez, C\u00f3rdoba.<\/p>\n<p>Luego de un 2020 que qued\u00f3 en blanco para los bikers, hubo cuatro meses en el inicio del a\u00f1o donde volvieron a tomar ese ritmo y adrenalina tan especial en este tipo de carreras. En ese lapso hubo programaciones en varias provincias pr\u00e1cticamente todos los fines de semana, con muy buena cantidad de protagonistas, incluyendo numerosos grupos de nuestra ciudad y zona. Si la situaci\u00f3n sanitaria puede evolucionar como se espera, quiz\u00e1s desde septiembre en adelante se vuelva a repetir ese panorama.<\/p>\n<p>Lo del Argentino de Rural y del Trasmonta\u00f1a lo mencionamos ya que hay corredores que disfrutan en hacer las dos especialidades: monta\u00f1a y llano. Y ante la coincidencia de fechas tendr\u00e1n que optar. Un mes antes, el 10 de octubre, varios podr\u00edan coincidir en la nueva fecha del Desaf\u00edo del R\u00edo Pinto en La Cumbre (C\u00f3rdoba).<\/p>\n<p><img loading=\"lazy\" decoding=\"async\" class=\"alignnone size-full wp-image-24443\" src=\"https:\/\/todoapulmon-rafaela.com\/wp-content\/uploads\/2021\/03\/Logo-Leandri.jpg\" alt=\"Logo Leandri\" width=\"187\" height=\"184\" \/><\/p>\n<p>Para dar una idea de su importancia, el Trasmonta\u00f1a en 2019 fue el evento que mayor turismo le gener\u00f3 a Tucum\u00e1n con 3.548 inscriptos, recordando que es por parejas. El 65 por ciento es de otras provincias y pa\u00edses vecinos de Sudam\u00e9rica, motivo por el cual los organizadores necesitan que haya libre posibilidad de circulaci\u00f3n para viajar, algo que no iba a ser posible en su fecha original, el 15 de agosto.<\/p>\n<p><img loading=\"lazy\" decoding=\"async\" class=\"alignnone size-medium wp-image-25823\" src=\"https:\/\/todoapulmon-rafaela.com\/wp-content\/uploads\/2021\/07\/Cosquin-mtb-300x163.jpg\" alt=\"Cosquin mtb\" width=\"300\" height=\"163\" srcset=\"https:\/\/todoapulmon-rafaela.com\/wp-content\/uploads\/2021\/07\/Cosquin-mtb-300x163.jpg 300w, https:\/\/todoapulmon-rafaela.com\/wp-content\/uploads\/2021\/07\/Cosquin-mtb.jpg 960w\" sizes=\"(max-width: 300px) 100vw, 300px\" \/><\/p>\n<p>Respecto al Argentino de Rural, es una de las competencia oficiales de FACIMO y por eso su t\u00edtulo es una estrella valiosa para los corredores. En principio deb\u00eda correrse los d\u00edas 5 y 6 de junio.<\/p>\n","protected":false},"excerpt":{"rendered":"<p>Hace ya m\u00e1s de dos meses est\u00e1n suspendidas las competencias de MTB y Rural Bike, como de la mayor\u00eda de<\/p>\n","protected":false},"author":2,"featured_media":25824,"comment_status":"open","ping_status":"open","sticky":false,"template":"","format":"standard","meta":{"footnotes":""},"categories":[4,24],"tags":[],"class_list":["post-25822","post","type-post","status-publish","format-standard","has-post-thumbnail","hentry","category-ciclismo","category-noticias-destacadas"],"cc_featured_image_caption":{"caption_text":"El Rural Bike tendr\u00e1 su Argentino, de seguir mejorando la situaci\u00f3n sanitaria, en Marcos Ju\u00e1rez.","source_text":"","source_url":""},"_links":{"self":[{"href":"https:\/\/todoapulmon-rafaela.com\/index.php\/wp-json\/wp\/v2\/posts\/25822"}],"collection":[{"href":"https:\/\/todoapulmon-rafaela.com\/index.php\/wp-json\/wp\/v2\/posts"}],"about":[{"href":"https:\/\/todoapulmon-rafaela.com\/index.php\/wp-json\/wp\/v2\/types\/post"}],"author":[{"embeddable":true,"href":"https:\/\/todoapulmon-rafaela.com\/index.php\/wp-json\/wp\/v2\/users\/2"}],"replies":[{"embeddable":true,"href":"https:\/\/todoapulmon-rafaela.com\/index.php\/wp-json\/wp\/v2\/comments?post=25822"}],"version-history":[{"count":3,"href":"https:\/\/todoapulmon-rafaela.com\/index.php\/wp-json\/wp\/v2\/posts\/25822\/revisions"}],"predecessor-version":[{"id":25827,"href":"https:\/\/todoapulmon-rafaela.com\/index.php\/wp-json\/wp\/v2\/posts\/25822\/revisions\/25827"}],"wp:featuredmedia":[{"embeddable":true,"href":"https:\/\/todoapulmon-rafaela.com\/index.php\/wp-json\/wp\/v2\/media\/25824"}],"wp:attachment":[{"href":"https:\/\/todoapulmon-rafaela.com\/index.php\/wp-json\/wp\/v2\/media?parent=25822"}],"wp:term":[{"taxonomy":"category","embeddable":true,"href":"https:\/\/todoapulmon-rafaela.com\/index.php\/wp-json\/wp\/v2\/categories?post=25822"},{"taxonomy":"post_tag","embeddable":true,"href":"https:\/\/todoapulmon-rafaela.com\/index.php\/wp-json\/wp\/v2\/tags?post=25822"}],"curies":[{"name":"wp","href":"https:\/\/api.w.org\/{rel}","templated":true}]}}