{"id":25760,"date":"2021-07-01T12:51:39","date_gmt":"2021-07-01T12:51:39","guid":{"rendered":"https:\/\/todoapulmon-rafaela.com\/?p=25760"},"modified":"2021-07-01T12:51:39","modified_gmt":"2021-07-01T12:51:39","slug":"chiaraviglio-estara-en-los-juegos-olimpicos-de-tokio","status":"publish","type":"post","link":"https:\/\/todoapulmon-rafaela.com\/index.php\/2021\/07\/01\/chiaraviglio-estara-en-los-juegos-olimpicos-de-tokio\/","title":{"rendered":"Chiaraviglio estar\u00e1 en los Juegos Ol\u00edmpicos de Tokio"},"content":{"rendered":"<p>El santafesino Germ\u00e1n Chiaraviglio competir\u00e1 en salto con garrocha en los Juegos Ol\u00edmpicos de Tokio, luego de que el ranking de la disciplina difundido por la Federaci\u00f3n Internacional le permitiera ubicarse entre los 32 atletas clasificados.<\/p>\n<p>\u00abEstoy muy contento, muy feliz. Cerr\u00f3 el ranking y pude meterme 28 entre 32 clasificados. Ser\u00e1n mis terceros Juegos Ol\u00edmpicos\u00bb, sostuvo el garrochista, de 34 a\u00f1os y medalla de plata en los Juegos Panamericanos Toronto 2015, donde consigui\u00f3 su mejor marca personal, con 5,75 metros.<\/p>\n<p>\u00abSab\u00eda que hab\u00eda muchas probabilidades y finalmente se confirm\u00f3. Me agarra con muchos a\u00f1os de experiencia\u00bb le confes\u00f3 a T\u00e9lam, desde Italia, donde est\u00e1 afinando su preparaci\u00f3n para competir en la cita ol\u00edmpica de la capital japonesa, que arrancar\u00e1 el 23 de julio venidero.<\/p>\n<p>Chiaraviglio, quien supo participar en Beijing 2008 y R\u00edo de Janeiro 2016 (result\u00f3 finalista), cont\u00f3 que est\u00e1 viviendo \u00abun muy lindo momento personal\u00bb.<\/p>\n<p>\u00abFui pap\u00e1 hace seis meses y eso me dio un envi\u00f3n an\u00edmico muy importante\u00bb, dijo el atleta, quien obtuvo la novena colocaci\u00f3n en el Mundial de Beijing 2015<\/p>\n<p>\u00abTengo muchas ganas de representar al pa\u00eds y estar nuevamente en una delegaci\u00f3n ol\u00edmpica. Por suerte se me dio\u00bb, confi\u00f3 Chiaraviglio, quien en abril pasado logr\u00f3 su mejor registro del a\u00f1o (5,60 metros) en el certamen de Chula Vista (Estados Unidos), en abril pasado.<\/p>\n<p>El santafesino, adem\u00e1s, se clasific\u00f3 campe\u00f3n sudamericano al aire libre en la ciudad colombiana de Tunja (2006); en Lima (2015); en Asunci\u00f3n (2017) y en la ecuatoriana Guayaquil (2021).<\/p>\n<p>Otra argentina tambi\u00e9n beneficiada por la clasificaci\u00f3n por ranking para los JJ.OO de Tokio ser\u00e1 la marplatense Bel\u00e9n Casetta.<\/p>\n<p>La especialista en 3.000 metros con obst\u00e1culos (logro la medalla de bronce en el Sudamericano de Guayaquil en mayo pasado) alcanz\u00f3 el cupo, al meterse en el puesto 31 sobre 45 clasificadas en la distancia.<\/p>\n<p>Los otros representantes del atletismo que ya gozaban de su clasificaci\u00f3n hacia Tokio 2020 son los chubutenses Joaqu\u00edn Arbe y Eulalio Mu\u00f1oz, m\u00e1s las chaque\u00f1a Marcela G\u00f3mez. Todos competir\u00e1n en la prueba de fondo Marat\u00f3n.<\/p>\n<p>Fuente: T\u00e9lam.<\/p>\n","protected":false},"excerpt":{"rendered":"<p>El santafesino Germ\u00e1n Chiaraviglio competir\u00e1 en salto con garrocha en los Juegos Ol\u00edmpicos de Tokio, luego de que el ranking<\/p>\n","protected":false},"author":2,"featured_media":25761,"comment_status":"open","ping_status":"open","sticky":false,"template":"","format":"standard","meta":{"footnotes":""},"categories":[7],"tags":[],"class_list":["post-25760","post","type-post","status-publish","format-standard","has-post-thumbnail","hentry","category-atletismo"],"cc_featured_image_caption":{"caption_text":"Germ\u00e1n Chiaraviglio clasific\u00f3 a trav\u00e9s del sistema de puntos.","source_text":"","source_url":""},"_links":{"self":[{"href":"https:\/\/todoapulmon-rafaela.com\/index.php\/wp-json\/wp\/v2\/posts\/25760"}],"collection":[{"href":"https:\/\/todoapulmon-rafaela.com\/index.php\/wp-json\/wp\/v2\/posts"}],"about":[{"href":"https:\/\/todoapulmon-rafaela.com\/index.php\/wp-json\/wp\/v2\/types\/post"}],"author":[{"embeddable":true,"href":"https:\/\/todoapulmon-rafaela.com\/index.php\/wp-json\/wp\/v2\/users\/2"}],"replies":[{"embeddable":true,"href":"https:\/\/todoapulmon-rafaela.com\/index.php\/wp-json\/wp\/v2\/comments?post=25760"}],"version-history":[{"count":1,"href":"https:\/\/todoapulmon-rafaela.com\/index.php\/wp-json\/wp\/v2\/posts\/25760\/revisions"}],"predecessor-version":[{"id":25762,"href":"https:\/\/todoapulmon-rafaela.com\/index.php\/wp-json\/wp\/v2\/posts\/25760\/revisions\/25762"}],"wp:featuredmedia":[{"embeddable":true,"href":"https:\/\/todoapulmon-rafaela.com\/index.php\/wp-json\/wp\/v2\/media\/25761"}],"wp:attachment":[{"href":"https:\/\/todoapulmon-rafaela.com\/index.php\/wp-json\/wp\/v2\/media?parent=25760"}],"wp:term":[{"taxonomy":"category","embeddable":true,"href":"https:\/\/todoapulmon-rafaela.com\/index.php\/wp-json\/wp\/v2\/categories?post=25760"},{"taxonomy":"post_tag","embeddable":true,"href":"https:\/\/todoapulmon-rafaela.com\/index.php\/wp-json\/wp\/v2\/tags?post=25760"}],"curies":[{"name":"wp","href":"https:\/\/api.w.org\/{rel}","templated":true}]}}