{"id":25751,"date":"2021-06-30T19:07:18","date_gmt":"2021-06-30T19:07:18","guid":{"rendered":"https:\/\/todoapulmon-rafaela.com\/?p=25751"},"modified":"2021-07-01T17:11:08","modified_gmt":"2021-07-01T17:11:08","slug":"renuncio-claudia-giaccone-en-deportes-y-asumira-florencia-molinero","status":"publish","type":"post","link":"https:\/\/todoapulmon-rafaela.com\/index.php\/2021\/06\/30\/renuncio-claudia-giaccone-en-deportes-y-asumira-florencia-molinero\/","title":{"rendered":"Renunci\u00f3 Claudia Giaccone en deportes y asumir\u00e1 Florencia Molinero"},"content":{"rendered":"<p>Este mi\u00e9rcoles se generaron importantes noticias en el \u00e1rea de Deportes del gobierno santafesino. Se produjo la renuncia de la Secretaria de dicha Area, Claudia Giaccone, de manera indeclinable.<\/p>\n<p>La ex diputada nacional, que alcanz\u00f3 mayor notoriedad por impulsar la ley del R\u00e9gimen de Derecho de Formaci\u00f3n Deportiva en 2014, estaba en el gabinete desde la asunci\u00f3n del Gobernador Omar Perotti. Junto a ella tambi\u00e9n renunciaron Sergio C\u00f3rdoba, referente de Deportes Comunitario y Recreaci\u00f3n; y Lucas Ciarnello, del \u00e1rea de Deportes Federados.<\/p>\n<p>Quien se har\u00e1 cargo del Area deportiva provincial es Florencia Molinero, de acuerdo a lo que trascendi\u00f3 de fuentes gubernamentales. La rafaelina, ex tenista profesional, actualmente estaba dentro del esquema dirigencial como Directora Provincial de Clubes, y adem\u00e1s es miembro de la actual conducci\u00f3n de la Asociaci\u00f3n Argentina de Tenis.<\/p>\n<p>Con 32 a\u00f1os actualmente, viene trabajando desde su retiro deportivo con marcada vocaci\u00f3n en el rol dirigente, primero desde su deporte de origen, y desde hace un a\u00f1o y medio formando parte del gobierno provincial en la parte de relaci\u00f3n con las instituciones.<\/p>\n<p>&nbsp;<\/p>\n","protected":false},"excerpt":{"rendered":"<p>Este mi\u00e9rcoles se generaron importantes noticias en el \u00e1rea de Deportes del gobierno santafesino. Se produjo la renuncia de la<\/p>\n","protected":false},"author":2,"featured_media":25752,"comment_status":"open","ping_status":"open","sticky":false,"template":"","format":"standard","meta":{"footnotes":""},"categories":[24,6],"tags":[],"class_list":["post-25751","post","type-post","status-publish","format-standard","has-post-thumbnail","hentry","category-noticias-destacadas","category-tenis"],"cc_featured_image_caption":{"caption_text":"Florencia Molinero, una nueva presencia rafaelina en el gabinete provincial.","source_text":"","source_url":""},"_links":{"self":[{"href":"https:\/\/todoapulmon-rafaela.com\/index.php\/wp-json\/wp\/v2\/posts\/25751"}],"collection":[{"href":"https:\/\/todoapulmon-rafaela.com\/index.php\/wp-json\/wp\/v2\/posts"}],"about":[{"href":"https:\/\/todoapulmon-rafaela.com\/index.php\/wp-json\/wp\/v2\/types\/post"}],"author":[{"embeddable":true,"href":"https:\/\/todoapulmon-rafaela.com\/index.php\/wp-json\/wp\/v2\/users\/2"}],"replies":[{"embeddable":true,"href":"https:\/\/todoapulmon-rafaela.com\/index.php\/wp-json\/wp\/v2\/comments?post=25751"}],"version-history":[{"count":4,"href":"https:\/\/todoapulmon-rafaela.com\/index.php\/wp-json\/wp\/v2\/posts\/25751\/revisions"}],"predecessor-version":[{"id":25766,"href":"https:\/\/todoapulmon-rafaela.com\/index.php\/wp-json\/wp\/v2\/posts\/25751\/revisions\/25766"}],"wp:featuredmedia":[{"embeddable":true,"href":"https:\/\/todoapulmon-rafaela.com\/index.php\/wp-json\/wp\/v2\/media\/25752"}],"wp:attachment":[{"href":"https:\/\/todoapulmon-rafaela.com\/index.php\/wp-json\/wp\/v2\/media?parent=25751"}],"wp:term":[{"taxonomy":"category","embeddable":true,"href":"https:\/\/todoapulmon-rafaela.com\/index.php\/wp-json\/wp\/v2\/categories?post=25751"},{"taxonomy":"post_tag","embeddable":true,"href":"https:\/\/todoapulmon-rafaela.com\/index.php\/wp-json\/wp\/v2\/tags?post=25751"}],"curies":[{"name":"wp","href":"https:\/\/api.w.org\/{rel}","templated":true}]}}