{"id":25676,"date":"2021-06-24T22:34:55","date_gmt":"2021-06-24T22:34:55","guid":{"rendered":"https:\/\/todoapulmon-rafaela.com\/?p=25676"},"modified":"2021-06-24T22:34:55","modified_gmt":"2021-06-24T22:34:55","slug":"bajas-en-golf-gimnasia-y-boxeo-para-los-juegos-olimpicos","status":"publish","type":"post","link":"https:\/\/todoapulmon-rafaela.com\/index.php\/2021\/06\/24\/bajas-en-golf-gimnasia-y-boxeo-para-los-juegos-olimpicos\/","title":{"rendered":"Bajas en golf, gimnasia y boxeo para los Juegos Ol\u00edmpicos"},"content":{"rendered":"<p>El golfista argentino Emiliano Grillo desisti\u00f3 de participar en los Juegos Ol\u00edmpicos de Tokio, que se realizar\u00e1n entre el 23 de julio y el 8 de agosto pr\u00f3ximos.<\/p>\n<p>\u00abNo soy una persona que da explicaciones de mis acciones, pero en este caso me siento obligado porque estoy representando a mi naci\u00f3n y mi bandera. La decisi\u00f3n que tomo de no ir a los Juegos es absolutamente personal\u00bb, escribi\u00f3 Grillo, que hab\u00eda accedido a una plaza ol\u00edmpica por su posici\u00f3n en el ranking mundial de la PGA, en su cuenta de Instagram.<\/p>\n<p>EN GIMNASIA<\/p>\n<p>Martina Dominici, la \u00fanica representante argentina clasificada para la gimnasia art\u00edstica en los Juegos Ol\u00edmpicos de Tokio 2020, fue suspendida provisoriamente por la Federaci\u00f3n Internacional de Gimnasia (FIG) luego de que un control antidoping le diera positivo.<\/p>\n<p><img loading=\"lazy\" decoding=\"async\" class=\"alignnone size-medium wp-image-25678\" src=\"https:\/\/todoapulmon-rafaela.com\/wp-content\/uploads\/2021\/06\/Martina-Dominici-1-300x200.jpg\" alt=\"Martina Dominici\" width=\"300\" height=\"200\" srcset=\"https:\/\/todoapulmon-rafaela.com\/wp-content\/uploads\/2021\/06\/Martina-Dominici-1-300x200.jpg 300w, https:\/\/todoapulmon-rafaela.com\/wp-content\/uploads\/2021\/06\/Martina-Dominici-1.jpg 1200w\" sizes=\"(max-width: 300px) 100vw, 300px\" \/><\/p>\n<p>El testeo fue realizado durante el campeonato panamericano de R\u00edo de Janeiro, donde la bonaerense de 19 a\u00f1os se consagr\u00f3 subcampeona, hace dos semanas.<\/p>\n<p>Aunque por ahora no trascendi\u00f3 el nombre del medicamento que habr\u00eda infringido el reglamento, ni se sabe cu\u00e1ndo habr\u00e1 contraprueba y apelaci\u00f3n, la Confederaci\u00f3n Argentina de Gimnasia comunic\u00f3 que recibi\u00f3 la notificaci\u00f3n de la Federaci\u00f3n Internacional, se puso a disposici\u00f3n de la atleta y pidi\u00f3 que se respete la \u00abconfidencialidad\u00bb del caso.<\/p>\n<p>BOXEADORA<\/p>\n<p>La boxeadora cordobesa Leonela S\u00e1nchez, quien hab\u00eda sido invitada por el Comit\u00e9 Ol\u00edmpico Internacional (COI) a ra\u00edz de su posici\u00f3n en el ranking mundial, renunci\u00f3 a participar en los Juegos de Tokio por problemas f\u00edsicos, inform\u00f3 hoy su equipo.<\/p>\n<p>S\u00e1nchez, que fue madre en octubre y hab\u00eda cumplido una sanci\u00f3n de cinco meses por d\u00f3ping, iba a competir en la categor\u00eda hasta 57 kilogramos, pero Virgilio Arauz, integrante de su equipo, explic\u00f3 las razones por las que la boxeadora finalmente no viajar\u00e1.<\/p>\n<p><img loading=\"lazy\" decoding=\"async\" class=\"alignnone size-medium wp-image-25679\" src=\"https:\/\/todoapulmon-rafaela.com\/wp-content\/uploads\/2021\/06\/Leonela-S\u00e1nchez-300x260.jpg\" alt=\"Leonela-S\u00e1nchez\" width=\"300\" height=\"260\" srcset=\"https:\/\/todoapulmon-rafaela.com\/wp-content\/uploads\/2021\/06\/Leonela-S\u00e1nchez-300x260.jpg 300w, https:\/\/todoapulmon-rafaela.com\/wp-content\/uploads\/2021\/06\/Leonela-S\u00e1nchez.jpg 960w\" sizes=\"(max-width: 300px) 100vw, 300px\" \/><\/p>\n<p>Arauz enumer\u00f3 \u00abproblemas ginecol\u00f3gicos que hace tiempo viene arrastrando y se agravaron con los entrenamientos\u00bb y tambi\u00e9n \u00abfuertes dolores en el pecho\u00bb ya que Leonela \u00abest\u00e1 amamantando\u00bb.<\/p>\n<p>\u00abNos comunicamos con su ginec\u00f3logo, que nos aconsej\u00f3 que necesita por lo menos 90 d\u00edas para volver a la normalidad (&#8230;) La decisi\u00f3n final es priorizar su salud. Ella puso su mayor esfuerzo para llegar a competir representando a nuestro pa\u00eds como lo hizo siempre, pero hay imponderables que no manejamos\u00bb, concluy\u00f3.<\/p>\n","protected":false},"excerpt":{"rendered":"<p>El golfista argentino Emiliano Grillo desisti\u00f3 de participar en los Juegos Ol\u00edmpicos de Tokio, que se realizar\u00e1n entre el 23<\/p>\n","protected":false},"author":2,"featured_media":25677,"comment_status":"open","ping_status":"open","sticky":false,"template":"","format":"standard","meta":{"footnotes":""},"categories":[17],"tags":[],"class_list":["post-25676","post","type-post","status-publish","format-standard","has-post-thumbnail","hentry","category-golf"],"cc_featured_image_caption":{"caption_text":"Emiliano Grillo explic\u00f3 su baja por motivos personales.","source_text":"","source_url":""},"_links":{"self":[{"href":"https:\/\/todoapulmon-rafaela.com\/index.php\/wp-json\/wp\/v2\/posts\/25676"}],"collection":[{"href":"https:\/\/todoapulmon-rafaela.com\/index.php\/wp-json\/wp\/v2\/posts"}],"about":[{"href":"https:\/\/todoapulmon-rafaela.com\/index.php\/wp-json\/wp\/v2\/types\/post"}],"author":[{"embeddable":true,"href":"https:\/\/todoapulmon-rafaela.com\/index.php\/wp-json\/wp\/v2\/users\/2"}],"replies":[{"embeddable":true,"href":"https:\/\/todoapulmon-rafaela.com\/index.php\/wp-json\/wp\/v2\/comments?post=25676"}],"version-history":[{"count":1,"href":"https:\/\/todoapulmon-rafaela.com\/index.php\/wp-json\/wp\/v2\/posts\/25676\/revisions"}],"predecessor-version":[{"id":25680,"href":"https:\/\/todoapulmon-rafaela.com\/index.php\/wp-json\/wp\/v2\/posts\/25676\/revisions\/25680"}],"wp:featuredmedia":[{"embeddable":true,"href":"https:\/\/todoapulmon-rafaela.com\/index.php\/wp-json\/wp\/v2\/media\/25677"}],"wp:attachment":[{"href":"https:\/\/todoapulmon-rafaela.com\/index.php\/wp-json\/wp\/v2\/media?parent=25676"}],"wp:term":[{"taxonomy":"category","embeddable":true,"href":"https:\/\/todoapulmon-rafaela.com\/index.php\/wp-json\/wp\/v2\/categories?post=25676"},{"taxonomy":"post_tag","embeddable":true,"href":"https:\/\/todoapulmon-rafaela.com\/index.php\/wp-json\/wp\/v2\/tags?post=25676"}],"curies":[{"name":"wp","href":"https:\/\/api.w.org\/{rel}","templated":true}]}}