{"id":25660,"date":"2021-06-23T22:55:11","date_gmt":"2021-06-23T22:55:11","guid":{"rendered":"https:\/\/todoapulmon-rafaela.com\/?p=25660"},"modified":"2021-06-23T22:55:11","modified_gmt":"2021-06-23T22:55:11","slug":"santiago-lange-y-cecilia-carranza-seran-los-abanderados-argentinos-en-tokio","status":"publish","type":"post","link":"https:\/\/todoapulmon-rafaela.com\/index.php\/2021\/06\/23\/santiago-lange-y-cecilia-carranza-seran-los-abanderados-argentinos-en-tokio\/","title":{"rendered":"Santiago Lange y Cecilia Carranza ser\u00e1n los abanderados argentinos en Tokio"},"content":{"rendered":"<p>Por primera vez en la historia de los Juegos Ol\u00edmpicos, habr\u00e1 un abanderado masculino y otro femenino en la Ceremonia de Apertura de Tokio 2020. Esta iniciativa fue promovida por el Comit\u00e9 Ol\u00edmpico Internacional como parte de sus decisiones para garantizar la igualdad de g\u00e9nero en el evento.<br \/>\nLas Federaciones Nacionales propusieron sus candidatos a la Comisi\u00f3n de Atletas del Comit\u00e9 Ol\u00edmpico Argentino (COA), que a su vez, tambi\u00e9n ofreci\u00f3 los suyos. Luego de un debate interno de la Comisi\u00f3n y dada la importancia de las propuestas evaluadas, finalmente elevaron una lista a la Mesa Directiva del COA con dos atletas masculinos y dos femeninos.<br \/>\nEl Comit\u00e9 Ol\u00edmpico Argentino, a trav\u00e9s de su Mesa Directiva y Consejo Ejecutivo, analiz\u00f3 las opciones y tom\u00f3 la decisi\u00f3n de que los abanderados de la delegaci\u00f3n argentina en el desfile inaugural de los Juegos Ol\u00edmpicos Tokio 2020 sean Santiago Lange y Cecilia Carranza.<br \/>\nCabe destacar que Paula Pareto, campeona ol\u00edmpica en R\u00edo 2016, era una de las firmes candidatas en la n\u00f3mina de la Comisi\u00f3n de Atletas, pero se abstuvo de participar ya que compite al d\u00eda siguiente de la inauguraci\u00f3n de los Juegos. Tokio 2020+1 ser\u00e1 entre el 23 de julio y 8 de agosto.<br \/>\nSantiago Lange y Cecilia Carranza consiguieron la medalla de oro en R\u00edo 2016, en el debut ol\u00edmpico de la clase Nacra 17 mixto de vela. Asimismo, Lange, que en Tokio 2020 har\u00e1 su s\u00e9ptima presentaci\u00f3n en los Juegos Ol\u00edmpicos, obtuvo una medalla de bronce en Atenas 2004 y en Beijing 2008 junto con Carlos Esp\u00ednola, en la clase Tornado. Cecilia Carranza, en tanto, disputar\u00e1 sus cuartos Juegos Ol\u00edmpicos (Beijing 2008 y Londres 2012, en Laser Radial).<br \/>\nFuente: Comit\u00e9 Ol\u00edmpico Argentino.<\/p>\n","protected":false},"excerpt":{"rendered":"<p>Por primera vez en la historia de los Juegos Ol\u00edmpicos, habr\u00e1 un abanderado masculino y otro femenino en la Ceremonia<\/p>\n","protected":false},"author":2,"featured_media":25661,"comment_status":"open","ping_status":"open","sticky":false,"template":"","format":"standard","meta":{"footnotes":""},"categories":[24],"tags":[],"class_list":["post-25660","post","type-post","status-publish","format-standard","has-post-thumbnail","hentry","category-noticias-destacadas"],"cc_featured_image_caption":{"caption_text":"","source_text":"","source_url":""},"_links":{"self":[{"href":"https:\/\/todoapulmon-rafaela.com\/index.php\/wp-json\/wp\/v2\/posts\/25660"}],"collection":[{"href":"https:\/\/todoapulmon-rafaela.com\/index.php\/wp-json\/wp\/v2\/posts"}],"about":[{"href":"https:\/\/todoapulmon-rafaela.com\/index.php\/wp-json\/wp\/v2\/types\/post"}],"author":[{"embeddable":true,"href":"https:\/\/todoapulmon-rafaela.com\/index.php\/wp-json\/wp\/v2\/users\/2"}],"replies":[{"embeddable":true,"href":"https:\/\/todoapulmon-rafaela.com\/index.php\/wp-json\/wp\/v2\/comments?post=25660"}],"version-history":[{"count":1,"href":"https:\/\/todoapulmon-rafaela.com\/index.php\/wp-json\/wp\/v2\/posts\/25660\/revisions"}],"predecessor-version":[{"id":25662,"href":"https:\/\/todoapulmon-rafaela.com\/index.php\/wp-json\/wp\/v2\/posts\/25660\/revisions\/25662"}],"wp:featuredmedia":[{"embeddable":true,"href":"https:\/\/todoapulmon-rafaela.com\/index.php\/wp-json\/wp\/v2\/media\/25661"}],"wp:attachment":[{"href":"https:\/\/todoapulmon-rafaela.com\/index.php\/wp-json\/wp\/v2\/media?parent=25660"}],"wp:term":[{"taxonomy":"category","embeddable":true,"href":"https:\/\/todoapulmon-rafaela.com\/index.php\/wp-json\/wp\/v2\/categories?post=25660"},{"taxonomy":"post_tag","embeddable":true,"href":"https:\/\/todoapulmon-rafaela.com\/index.php\/wp-json\/wp\/v2\/tags?post=25660"}],"curies":[{"name":"wp","href":"https:\/\/api.w.org\/{rel}","templated":true}]}}