{"id":25656,"date":"2021-06-23T20:33:56","date_gmt":"2021-06-23T20:33:56","guid":{"rendered":"https:\/\/todoapulmon-rafaela.com\/?p=25656"},"modified":"2021-06-24T17:35:39","modified_gmt":"2021-06-24T17:35:39","slug":"los-12-del-voley-para-tokio-con-una-polemica","status":"publish","type":"post","link":"https:\/\/todoapulmon-rafaela.com\/index.php\/2021\/06\/23\/los-12-del-voley-para-tokio-con-una-polemica\/","title":{"rendered":"Los 12 del voley para Tokio, con una pol\u00e9mica"},"content":{"rendered":"<p align=\"justify\">Este mi\u00e9rcoles el entrenador de la Selecci\u00f3n Argentina Masculina, Marcelo M\u00e9ndez, dio a conocer la lista de 12 jugadores que afrontar\u00e1n el sue\u00f1o ol\u00edmpico desde el pr\u00f3ximo 24 de julio. Luego de finalizar su participaci\u00f3n en la Liga de Naciones FIVB, el equipo se quedar\u00e1 en Italia prepar\u00e1ndose para la cita en Tokio y luego viajar\u00e1 a Jap\u00f3n para encarar el \u00faltimo tramo de entrenamiento.<\/p>\n<p align=\"justify\">En el cierre de su participaci\u00f3n en la Liga de Naciones FIVB, la Selecci\u00f3n logr\u00f3 una gran victoria sobre Ir\u00e1n por 3-1 (33-31, 25-23, 30-32, 25-18) con Bruno Lima como m\u00e1ximo anotador con 24 puntos. Argentina se despidi\u00f3 del torneo con 7 victorias en 15 presentaciones y encarar\u00e1 ahora la \u00faltima etapa de su preparaci\u00f3n de cara a los Juegos Ol\u00edmpicos de Tokio 2020.<\/p>\n<p align=\"justify\">Para disputar la m\u00e1xima cita del deporte, M\u00e9ndez llevar\u00e1 a Luciano De Cecco y Mat\u00edas S\u00e1nchez como armadores; Bruno Lima y Federico Pereyra como opuestos; Sebasti\u00e1n Sol\u00e9, Mart\u00edn Ramos y Agust\u00edn Loser como centrales; Facundo Conte, Ezequiel Palacios, Cristian Poglajen y Nicol\u00e1s M\u00e9ndez como puntas receptores; y Santiago Danani como l\u00edbero.<\/p>\n<p align=\"justify\">Nicol\u00e1s M\u00e9ndez es hijo de Marcelo M\u00e9ndez, lo cual ha generado cierta pol\u00e9mica en las redes sociales apenas conocida la difusi\u00f3n de la lista. Para los aficionados m\u00e1s conocedores de este deporte, el jugador preferido en esa posici\u00f3n que qued\u00f3 marginado y ten\u00eda muchos adeptos para ser incluido era Jan Martinez.<\/p>\n<p align=\"justify\">Luego de pasar tres d\u00edas en la localidad de Cervia, el equipo -que contar\u00e1 tambi\u00e9n con el apoyo de Luciano Palonsky y Franco Massimino para continuar los entrenamientos hasta el 6\/7- se desplazar\u00e1 a Roma el 28 de junio donde se entrenar\u00e1 en las instalaciones del Centro de Preparaci\u00f3n Ol\u00edmpica Giulio Onesti hasta el 6 de julio. Luego, viajar\u00e1 a Latina donde los d\u00edas 10 y 11 disputar\u00e1 amistosos ante la Selecci\u00f3n de Italia. El 12, en tanto, el grupo partir\u00e1 hacia Kagoshima, ciudad en la que har\u00e1 la preparaci\u00f3n final antes de los Juegos hasta el 20 de julio.<\/p>\n<p align=\"justify\">La Selecci\u00f3n ingresar\u00e1 a la Villa Ol\u00edmpica el mismo 20 y debutar\u00e1 el 24 a las 2:20am de nuestro pa\u00eds ante Rusia. Luego enfrentar\u00e1 consecutivamente a Brasil (26\/7 a las 9:45am), Francia (28\/7 a las 2:20am), T\u00fanez (30\/7 a las 4:25am) y Estados Unidos (1\/8 a las 9:45am) por el Grupo B.<\/p>\n<p align=\"justify\">Se tratar\u00e1 del primer juego ol\u00edmpico para Agust\u00edn Loser, Santiago Danani, Mat\u00edas S\u00e1nchez y Nicol\u00e1s M\u00e9ndez. Mientras tanto, Luciano De Cecco, Sebasti\u00e1n Sol\u00e9, Cristian Poglajen y Facundo Conte afrontar\u00e1n su tercer Juego y ser\u00e1 el segundo para Bruno Lima, Federico Pereyra, Mart\u00edn Ramos y Ezequiel Palacios.<\/p>\n<p align=\"justify\"><b>PLANTEL TOKIO 2020<\/b><br \/>\nArmadores: Luciano De Cecco y Mat\u00edas S\u00e1nchez<br \/>\nOpuestos: Bruno Lima y Federico Pereyra<br \/>\nCentrales: Sebasti\u00e1n Sol\u00e9, Mart\u00edn Ramos y Agust\u00edn Loser<br \/>\nPuntas Receptores: Facundo Conte, Cristian Poglajen, Ezequiel Palacios y Nicol\u00e1s M\u00e9ndez<br \/>\nL\u00edbero: Santiago Danani.<\/p>\n","protected":false},"excerpt":{"rendered":"<p>Este mi\u00e9rcoles el entrenador de la Selecci\u00f3n Argentina Masculina, Marcelo M\u00e9ndez, dio a conocer la lista de 12 jugadores que<\/p>\n","protected":false},"author":2,"featured_media":25657,"comment_status":"open","ping_status":"open","sticky":false,"template":"","format":"standard","meta":{"footnotes":""},"categories":[24,16],"tags":[],"class_list":["post-25656","post","type-post","status-publish","format-standard","has-post-thumbnail","hentry","category-noticias-destacadas","category-voley"],"cc_featured_image_caption":{"caption_text":"El festejo argentino luego del triunfo ante Ir\u00e1n, en el cierre de la Liga Mundial (foto FEVA).","source_text":"","source_url":""},"_links":{"self":[{"href":"https:\/\/todoapulmon-rafaela.com\/index.php\/wp-json\/wp\/v2\/posts\/25656"}],"collection":[{"href":"https:\/\/todoapulmon-rafaela.com\/index.php\/wp-json\/wp\/v2\/posts"}],"about":[{"href":"https:\/\/todoapulmon-rafaela.com\/index.php\/wp-json\/wp\/v2\/types\/post"}],"author":[{"embeddable":true,"href":"https:\/\/todoapulmon-rafaela.com\/index.php\/wp-json\/wp\/v2\/users\/2"}],"replies":[{"embeddable":true,"href":"https:\/\/todoapulmon-rafaela.com\/index.php\/wp-json\/wp\/v2\/comments?post=25656"}],"version-history":[{"count":2,"href":"https:\/\/todoapulmon-rafaela.com\/index.php\/wp-json\/wp\/v2\/posts\/25656\/revisions"}],"predecessor-version":[{"id":25669,"href":"https:\/\/todoapulmon-rafaela.com\/index.php\/wp-json\/wp\/v2\/posts\/25656\/revisions\/25669"}],"wp:featuredmedia":[{"embeddable":true,"href":"https:\/\/todoapulmon-rafaela.com\/index.php\/wp-json\/wp\/v2\/media\/25657"}],"wp:attachment":[{"href":"https:\/\/todoapulmon-rafaela.com\/index.php\/wp-json\/wp\/v2\/media?parent=25656"}],"wp:term":[{"taxonomy":"category","embeddable":true,"href":"https:\/\/todoapulmon-rafaela.com\/index.php\/wp-json\/wp\/v2\/categories?post=25656"},{"taxonomy":"post_tag","embeddable":true,"href":"https:\/\/todoapulmon-rafaela.com\/index.php\/wp-json\/wp\/v2\/tags?post=25656"}],"curies":[{"name":"wp","href":"https:\/\/api.w.org\/{rel}","templated":true}]}}