{"id":25569,"date":"2021-06-15T17:46:24","date_gmt":"2021-06-15T17:46:24","guid":{"rendered":"https:\/\/todoapulmon-rafaela.com\/?p=25569"},"modified":"2021-06-15T17:46:24","modified_gmt":"2021-06-15T17:46:24","slug":"avanza-la-obra-de-mejora-de-bicisendas-en-barrio-9-de-julio","status":"publish","type":"post","link":"https:\/\/todoapulmon-rafaela.com\/index.php\/2021\/06\/15\/avanza-la-obra-de-mejora-de-bicisendas-en-barrio-9-de-julio\/","title":{"rendered":"Avanza la obra de mejora de bicisendas en barrio 9 de Julio"},"content":{"rendered":"<div id=\"x_4620ecdf-7bf8-4efa-b8cf-29d5bcf4d840\">La obra de 2500 metros de bicisendas que se est\u00e1 llevando adelante en calles Per\u00fa y Lisandro de la Torre del barrio 9 de Julio, responde al proyecto de mejora que la Municipalidad de Rafaela lleva adelante en relaci\u00f3n a la construcci\u00f3n de v\u00edas exclusivas para ciclistas dentro del ejido urbano.<\/div>\n<div id=\"x_4620ecdf-7bf8-4efa-b8cf-29d5bcf4d840\"><\/div>\n<div id=\"x_4620ecdf-7bf8-4efa-b8cf-29d5bcf4d840\">El intendente, Luis Castellano, se\u00f1al\u00f3: \u201cCuando creamos la Secretar\u00eda de Ambiente y Movilidad, empezamos a trabajar en todo el plan que tiene que ver con generar una ciudad sustentable, con espacios p\u00fablicos de calidad y accesibles para todos y todas, donde el peat\u00f3n y la bicicleta sean parte de la movilidad de la ciudad. \u00a0Todo es parte de una gesti\u00f3n con el gobierno provincial y nacional, que respaldan, acompa\u00f1an y nos permiten este tipo de obras. Favoreciendo tambi\u00e9n la generaci\u00f3n de empleo verde, no solo en hombres, sino tambi\u00e9n en las mujeres de la ciudad que forman parte de las cooperativas y que encuentran en estos espacios un rol fundamental y oportunidades laborales\u201d.<\/div>\n<div id=\"x_4620ecdf-7bf8-4efa-b8cf-29d5bcf4d840\"><\/div>\n<div id=\"x_4620ecdf-7bf8-4efa-b8cf-29d5bcf4d840\">Mar\u00eda Paz Caruso, secretaria de Ambiente y Movilidad, destac\u00f3: \u00abLa obra ya se puso en marcha y avanza seg\u00fan el plan estipulado. Es una iniciativa que promueve la movilidad sustentable y el uso de la bici como medio de transporte en la ciudad. Este ciclocarril tiene varios a\u00f1os de ejecuci\u00f3n y era fundamental realizar tareas de mantenimiento, una vez ejecutada esta nueva obra contar\u00e1 con mayores medidas de seguridad para la circulaci\u00f3n de quienes lo utilicen\u00bb.<\/div>\n<div id=\"x_4620ecdf-7bf8-4efa-b8cf-29d5bcf4d840\"><\/div>\n<div id=\"x_4620ecdf-7bf8-4efa-b8cf-29d5bcf4d840\">Beatriz Toledo, integrante del equipo de trabajo, marc\u00f3: \u00abDurante la pandemia, la cuesti\u00f3n laboral se complic\u00f3 demasiado; as\u00ed que esta es una gran oportunidad que me dieron. Es un recurso m\u00e1s que entra en casa y que realmente necesit\u00e1bamos. No ten\u00eda mucha experiencia en el rubro, pero estoy aprendiendo y aprovechando a sumar conocimientos\u00bb.<\/div>\n<div id=\"x_4620ecdf-7bf8-4efa-b8cf-29d5bcf4d840\"><\/div>\n<div id=\"x_4620ecdf-7bf8-4efa-b8cf-29d5bcf4d840\"><strong>Proyecto integral<\/strong><\/div>\n<div id=\"x_4620ecdf-7bf8-4efa-b8cf-29d5bcf4d840\">La ejecuci\u00f3n de la obra est\u00e1 a cargo de la Cooperativa Frente para el Trabajo Limitada y de un equipo de 4 profesionales responsables de liderar el proyecto mientras dura la ejecuci\u00f3n.<\/div>\n<div id=\"x_4620ecdf-7bf8-4efa-b8cf-29d5bcf4d840\"><\/div>\n<div id=\"x_4620ecdf-7bf8-4efa-b8cf-29d5bcf4d840\">Entre las tareas previstas se destacan la pintura de cordones, la instalaci\u00f3n de carteler\u00eda, la pintura termopl\u00e1stica de se\u00f1alizaci\u00f3n, la colocaci\u00f3n de separadores f\u00edsicos y mobiliario urbano.<\/div>\n<div id=\"x_4620ecdf-7bf8-4efa-b8cf-29d5bcf4d840\"><\/div>\n<div id=\"x_4620ecdf-7bf8-4efa-b8cf-29d5bcf4d840\">Tambi\u00e9n, las rampas de hormig\u00f3n texturizado con losetas podot\u00e1ctiles en su per\u00edmetro que sirven para que personas con discapacidad visual puedan interpretar r\u00e1pidamente, zonas de tr\u00e1nsito seguro y cruces peatonales.<\/div>\n<div id=\"x_4620ecdf-7bf8-4efa-b8cf-29d5bcf4d840\"><\/div>\n<div id=\"x_4620ecdf-7bf8-4efa-b8cf-29d5bcf4d840\"><strong>Trabajo articulado<\/strong><\/div>\n<div id=\"x_4620ecdf-7bf8-4efa-b8cf-29d5bcf4d840\">Es importante recordar que la inversi\u00f3n proviene del Programa de Mejoramiento de Infraestructura Federal para el Desarrollo Sostenible (MIF) del Ministerio de Obras P\u00fablicas y Vivienda de la Naci\u00f3n.<\/div>\n<div id=\"x_4620ecdf-7bf8-4efa-b8cf-29d5bcf4d840\"><\/div>\n<div id=\"x_4620ecdf-7bf8-4efa-b8cf-29d5bcf4d840\">Esta iniciativa dise\u00f1ada con un enfoque integral y estrat\u00e9gico, busca acompa\u00f1ar la materializaci\u00f3n de obras a partir de la creaci\u00f3n de empleo, la protecci\u00f3n ambiental y el desarrollo integral local; cabe destacar que la semana pasada la obra fue auditada por Naci\u00f3n.<\/div>\n<div id=\"x_4620ecdf-7bf8-4efa-b8cf-29d5bcf4d840\"><\/div>\n<div id=\"x_4620ecdf-7bf8-4efa-b8cf-29d5bcf4d840\">Hace m\u00e1s de un a\u00f1o el municipio, a trav\u00e9s de la Secretar\u00eda de Ambiente y Movilidad y la coordinaci\u00f3n de Empleo de la Secretar\u00eda de Producci\u00f3n, Empleo e Innovaci\u00f3n comenzaron con la presentaci\u00f3n del proyecto para poder acceder a estos fondos.<\/div>\n<div id=\"x_4620ecdf-7bf8-4efa-b8cf-29d5bcf4d840\"><\/div>\n<div id=\"x_4620ecdf-7bf8-4efa-b8cf-29d5bcf4d840\">La asistencia al proyecto se realiza a trav\u00e9s de la Oficina de las Naciones Unidas de Servicios para Proyectos (UNOPS). Tambi\u00e9n acompa\u00f1an la Subsecretar\u00eda de Planificaci\u00f3n Estrat\u00e9gica y la Subsecretar\u00eda de Obras P\u00fablicas del Gobierno de Santa Fe.<\/div>\n<div id=\"x_4620ecdf-7bf8-4efa-b8cf-29d5bcf4d840\"><\/div>\n<div id=\"x_4620ecdf-7bf8-4efa-b8cf-29d5bcf4d840\">De esta manera, la ciudad suma espacios para que los ciclistas cuenten con lugares de circulaci\u00f3n seguros, a partir de la articulaci\u00f3n con los gobiernos provinciales y nacionales.<\/div>\n","protected":false},"excerpt":{"rendered":"<p>La obra de 2500 metros de bicisendas que se est\u00e1 llevando adelante en calles Per\u00fa y Lisandro de la Torre<\/p>\n","protected":false},"author":2,"featured_media":25570,"comment_status":"open","ping_status":"open","sticky":false,"template":"","format":"standard","meta":{"footnotes":""},"categories":[1],"tags":[],"class_list":["post-25569","post","type-post","status-publish","format-standard","has-post-thumbnail","hentry","category-sin-categoria"],"cc_featured_image_caption":{"caption_text":"Foto Prensa Municipalidad de Rafaela","source_text":"","source_url":""},"_links":{"self":[{"href":"https:\/\/todoapulmon-rafaela.com\/index.php\/wp-json\/wp\/v2\/posts\/25569"}],"collection":[{"href":"https:\/\/todoapulmon-rafaela.com\/index.php\/wp-json\/wp\/v2\/posts"}],"about":[{"href":"https:\/\/todoapulmon-rafaela.com\/index.php\/wp-json\/wp\/v2\/types\/post"}],"author":[{"embeddable":true,"href":"https:\/\/todoapulmon-rafaela.com\/index.php\/wp-json\/wp\/v2\/users\/2"}],"replies":[{"embeddable":true,"href":"https:\/\/todoapulmon-rafaela.com\/index.php\/wp-json\/wp\/v2\/comments?post=25569"}],"version-history":[{"count":1,"href":"https:\/\/todoapulmon-rafaela.com\/index.php\/wp-json\/wp\/v2\/posts\/25569\/revisions"}],"predecessor-version":[{"id":25571,"href":"https:\/\/todoapulmon-rafaela.com\/index.php\/wp-json\/wp\/v2\/posts\/25569\/revisions\/25571"}],"wp:featuredmedia":[{"embeddable":true,"href":"https:\/\/todoapulmon-rafaela.com\/index.php\/wp-json\/wp\/v2\/media\/25570"}],"wp:attachment":[{"href":"https:\/\/todoapulmon-rafaela.com\/index.php\/wp-json\/wp\/v2\/media?parent=25569"}],"wp:term":[{"taxonomy":"category","embeddable":true,"href":"https:\/\/todoapulmon-rafaela.com\/index.php\/wp-json\/wp\/v2\/categories?post=25569"},{"taxonomy":"post_tag","embeddable":true,"href":"https:\/\/todoapulmon-rafaela.com\/index.php\/wp-json\/wp\/v2\/tags?post=25569"}],"curies":[{"name":"wp","href":"https:\/\/api.w.org\/{rel}","templated":true}]}}