{"id":25492,"date":"2021-06-08T13:41:37","date_gmt":"2021-06-08T13:41:37","guid":{"rendered":"https:\/\/todoapulmon-rafaela.com\/?p=25492"},"modified":"2021-06-08T13:41:37","modified_gmt":"2021-06-08T13:41:37","slug":"mariela-delgado-confirmada-para-los-juegos-paralimpicos","status":"publish","type":"post","link":"https:\/\/todoapulmon-rafaela.com\/index.php\/2021\/06\/08\/mariela-delgado-confirmada-para-los-juegos-paralimpicos\/","title":{"rendered":"Mariela Delgado, confirmada para los Juegos Paral\u00edmpicos"},"content":{"rendered":"<p>El ciclismo adaptado argentino recibi\u00f3 la notificaci\u00f3n oficial de sus clasificados a los Juegos Paral\u00edmpicos de Tokio y tanto Mariela Delegado, reciente campeona de la Copa del Mundo en B\u00e9lgica; como Rodrigo L\u00f3pez y el t\u00e1ndem conformado por Maximiliano G\u00f3mez \u2013 Sebasti\u00e1n Tolosa aseguraron su plaza.<\/p>\n<p>\u201cAhora s\u00ed puedo respirar profundo, sab\u00eda que la clasificaci\u00f3n era posible pero no estaba tranquila hasta tener la confirmaci\u00f3n. Estoy sumamente contenta y enfocada en lo que va a venir, ahora tengo el Mundial de Portugal por delante, mi \u00faltima cita antes de Tokio. Estoy con mucha ilusi\u00f3n, mejor y m\u00e1s madura que en la previa de R\u00edo 2016\u201d, cont\u00f3 Delgado desde la bella Caiscais, en Portugal; con la mira puesta en los Juegos Paral\u00edmpicos donde intentar\u00e1 ganar la medalla que se le neg\u00f3 por muy poco hace cinco a\u00f1os en Brasil.<\/p>\n<p>Y la ciclista misionera formada deportivamente en el Club Ciclista de Rafaela, prosigui\u00f3: \u201cLa experiencia de R\u00edo me dej\u00f3 ense\u00f1anzas, ahora me conozco m\u00e1s y tambi\u00e9n conozco mucho m\u00e1s a mis competidoras. Mi situaci\u00f3n personal tambi\u00e9n es diferente y ahora tengo otro recorrido deportivo. Quiero llegar en mi mejor nivel a Tokio; s\u00f3lo pienso en competir en este Mundial (10 al 13 de junio), tengo muchas ganas, y tener cada vez m\u00e1s roce\u201d.<\/p>\n<p><img loading=\"lazy\" decoding=\"async\" class=\"alignnone size-medium wp-image-24444\" src=\"https:\/\/todoapulmon-rafaela.com\/wp-content\/uploads\/2021\/03\/Logo-Leandri-2-300x108.jpg\" alt=\"Logo Leandri 2\" width=\"300\" height=\"108\" srcset=\"https:\/\/todoapulmon-rafaela.com\/wp-content\/uploads\/2021\/03\/Logo-Leandri-2-300x108.jpg 300w, https:\/\/todoapulmon-rafaela.com\/wp-content\/uploads\/2021\/03\/Logo-Leandri-2.jpg 896w\" sizes=\"(max-width: 300px) 100vw, 300px\" \/><\/p>\n<p>En tanto, el entrenador nacional de ciclismo adaptado Mart\u00edn \u201cEl Pampa\u201d Ferrari, analiz\u00f3: \u201cTengo mucha expectativa en este equipo y me siento feliz; esperando la fecha para salir a Tokio. Mariela tiene todas las condiciones para ir a buscar lo que se le escap\u00f3 en R\u00edo; y tanto el t\u00e1ndem G\u00f3mez \u2013 Tolosa, como Rodrigo, que siempre cumple, nos permiten so\u00f1ar\u201d.<\/p>\n<p>Fuente: argentina.gob.ar (Ministerio de Turismo y Deportes)<\/p>\n","protected":false},"excerpt":{"rendered":"<p>El ciclismo adaptado argentino recibi\u00f3 la notificaci\u00f3n oficial de sus clasificados a los Juegos Paral\u00edmpicos de Tokio y tanto Mariela<\/p>\n","protected":false},"author":2,"featured_media":25493,"comment_status":"open","ping_status":"open","sticky":false,"template":"","format":"standard","meta":{"footnotes":""},"categories":[4,24],"tags":[],"class_list":["post-25492","post","type-post","status-publish","format-standard","has-post-thumbnail","hentry","category-ciclismo","category-noticias-destacadas"],"cc_featured_image_caption":{"caption_text":"Mariela Delgado estar\u00e1 en los Juegos Paral\u00edmpicos de Tokio, pero antes tiene el Mundial.","source_text":"","source_url":""},"_links":{"self":[{"href":"https:\/\/todoapulmon-rafaela.com\/index.php\/wp-json\/wp\/v2\/posts\/25492"}],"collection":[{"href":"https:\/\/todoapulmon-rafaela.com\/index.php\/wp-json\/wp\/v2\/posts"}],"about":[{"href":"https:\/\/todoapulmon-rafaela.com\/index.php\/wp-json\/wp\/v2\/types\/post"}],"author":[{"embeddable":true,"href":"https:\/\/todoapulmon-rafaela.com\/index.php\/wp-json\/wp\/v2\/users\/2"}],"replies":[{"embeddable":true,"href":"https:\/\/todoapulmon-rafaela.com\/index.php\/wp-json\/wp\/v2\/comments?post=25492"}],"version-history":[{"count":1,"href":"https:\/\/todoapulmon-rafaela.com\/index.php\/wp-json\/wp\/v2\/posts\/25492\/revisions"}],"predecessor-version":[{"id":25494,"href":"https:\/\/todoapulmon-rafaela.com\/index.php\/wp-json\/wp\/v2\/posts\/25492\/revisions\/25494"}],"wp:featuredmedia":[{"embeddable":true,"href":"https:\/\/todoapulmon-rafaela.com\/index.php\/wp-json\/wp\/v2\/media\/25493"}],"wp:attachment":[{"href":"https:\/\/todoapulmon-rafaela.com\/index.php\/wp-json\/wp\/v2\/media?parent=25492"}],"wp:term":[{"taxonomy":"category","embeddable":true,"href":"https:\/\/todoapulmon-rafaela.com\/index.php\/wp-json\/wp\/v2\/categories?post=25492"},{"taxonomy":"post_tag","embeddable":true,"href":"https:\/\/todoapulmon-rafaela.com\/index.php\/wp-json\/wp\/v2\/tags?post=25492"}],"curies":[{"name":"wp","href":"https:\/\/api.w.org\/{rel}","templated":true}]}}