{"id":25487,"date":"2021-06-08T11:34:57","date_gmt":"2021-06-08T11:34:57","guid":{"rendered":"https:\/\/todoapulmon-rafaela.com\/?p=25487"},"modified":"2021-06-08T11:34:57","modified_gmt":"2021-06-08T11:34:57","slug":"cuando-javier-frana-gano-junto-a-patricia-tarabini-el-titulo-de-doble-mixto-en-roland-garros","status":"publish","type":"post","link":"https:\/\/todoapulmon-rafaela.com\/index.php\/2021\/06\/08\/cuando-javier-frana-gano-junto-a-patricia-tarabini-el-titulo-de-doble-mixto-en-roland-garros\/","title":{"rendered":"Cuando Javier Frana gan\u00f3 junto a Patricia Tarabini el t\u00edtulo de doble mixto en Roland Garros"},"content":{"rendered":"<p>Ganar un t\u00edtulo de Grand Slam siempre es especial e inolvidable, reservado para unos pocos.<\/p>\n<p>El s\u00e1bado 8 de junio de 1996 pudieron concretar ese gran sue\u00f1o Javier Frana y Patricia Tarabini.<\/p>\n<p>En una edici\u00f3n donde los resultados no hab\u00edan sido muy satisfactorios para los argentinos en l\u00edneas generales, en singles, el rafaelino y la tandilense consegu\u00edan levantar el preciado trofeo del doble mixto.<br \/>\nCamino al t\u00edtulo,\u00a0Patricia y Javier\u00a0lograron notables actuaciones\u00a0superando en primera ronda a Iva Majoli\/Murphy Jensen 6-4 y 7-5, en segunda ronda a Irina Spirlea\/Greg Van Emburgh (14tos. favoritos) 4-6 &#8211; 6-4 y 8-6, en octavos de final a los dur\u00edsimos Gigi Fern\u00e1ndez y Cyril Suk (2dos.) 5-7 &#8211; 6-3 y 10-8, en cuartos a Katrina Adams\/Libor Pimek (8vos.) 6-4 &#8211; 2-6 y 6-3 y en semifinales a los tambi\u00e9n favoritos Manon Bollegraf\/Rick Leach (3eros.) 6-2 y 7-6 (2).<br \/>\nQuedaba la gran definici\u00f3n, en la que Frana-Tarabini vencieron 6-2 y 6-2 a los estadounidenses Nicole Arendt y Luke Jensen y se consagrar\u00edan campeones,\u00a0convirti\u00e9ndose as\u00ed en\u00a0la primera pareja argentina en ganar un t\u00edtulo de Grand Slam en la modalidad.<\/p>\n<p>VOCES DE HACE 25 A\u00d1OS<br \/>\n\u00abNosotros siempre\u00a0avanzamos partido por partido, fuimos d\u00eda a d\u00eda sin pensar en la final. En realidad,\u00a0no ten\u00edamos muchas expectativas\u00bb,\u00a0contar\u00eda Tarabini luego de su triunfo. Y agregaba: \u00abEs maravilloso subir al estrado por el que han pasado los grandes del tenis mundial\u00bb.<\/p>\n<p><img loading=\"lazy\" decoding=\"async\" class=\"alignnone size-full wp-image-25489\" src=\"https:\/\/todoapulmon-rafaela.com\/wp-content\/uploads\/2021\/06\/Tarabini-y-Frana.jpg\" alt=\"Tarabini y Frana\" width=\"184\" height=\"273\" \/><br \/>\nPor su parte, un emocionado Frana a\u00f1adir\u00eda: \u00abEs una ilusi\u00f3n, una fantas\u00eda hecha realidad. Yo s\u00e9 que el doble mixto es un adicional en los grandes torneos, pero no por eso hay que considerarlo una exhibici\u00f3n. Se juega por un premio importante y no hay que olvidar que ganar aqu\u00ed es llevarse uno de los campeonatos de Roland Garros\u00bb.<br \/>\nEse d\u00eda hubo una espectadora de lujo, la alemana\u00a0Steffi Graf, campeona en singles del\u00a0certamen horas antes de la final del mixto, y gran amiga de Tarabini.<br \/>\nFue hace 25 a\u00f1os, un d\u00eda como hoy, pero con bastante p\u00fablico en las gradas. Algo que se extra\u00f1a este 2021 en el Abierto parisino.<\/p>\n","protected":false},"excerpt":{"rendered":"<p>Ganar un t\u00edtulo de Grand Slam siempre es especial e inolvidable, reservado para unos pocos. El s\u00e1bado 8 de junio<\/p>\n","protected":false},"author":2,"featured_media":25488,"comment_status":"open","ping_status":"open","sticky":false,"template":"","format":"standard","meta":{"footnotes":""},"categories":[24,6],"tags":[],"class_list":["post-25487","post","type-post","status-publish","format-standard","has-post-thumbnail","hentry","category-noticias-destacadas","category-tenis"],"cc_featured_image_caption":{"caption_text":"Foto Archivo","source_text":"","source_url":""},"_links":{"self":[{"href":"https:\/\/todoapulmon-rafaela.com\/index.php\/wp-json\/wp\/v2\/posts\/25487"}],"collection":[{"href":"https:\/\/todoapulmon-rafaela.com\/index.php\/wp-json\/wp\/v2\/posts"}],"about":[{"href":"https:\/\/todoapulmon-rafaela.com\/index.php\/wp-json\/wp\/v2\/types\/post"}],"author":[{"embeddable":true,"href":"https:\/\/todoapulmon-rafaela.com\/index.php\/wp-json\/wp\/v2\/users\/2"}],"replies":[{"embeddable":true,"href":"https:\/\/todoapulmon-rafaela.com\/index.php\/wp-json\/wp\/v2\/comments?post=25487"}],"version-history":[{"count":2,"href":"https:\/\/todoapulmon-rafaela.com\/index.php\/wp-json\/wp\/v2\/posts\/25487\/revisions"}],"predecessor-version":[{"id":25491,"href":"https:\/\/todoapulmon-rafaela.com\/index.php\/wp-json\/wp\/v2\/posts\/25487\/revisions\/25491"}],"wp:featuredmedia":[{"embeddable":true,"href":"https:\/\/todoapulmon-rafaela.com\/index.php\/wp-json\/wp\/v2\/media\/25488"}],"wp:attachment":[{"href":"https:\/\/todoapulmon-rafaela.com\/index.php\/wp-json\/wp\/v2\/media?parent=25487"}],"wp:term":[{"taxonomy":"category","embeddable":true,"href":"https:\/\/todoapulmon-rafaela.com\/index.php\/wp-json\/wp\/v2\/categories?post=25487"},{"taxonomy":"post_tag","embeddable":true,"href":"https:\/\/todoapulmon-rafaela.com\/index.php\/wp-json\/wp\/v2\/tags?post=25487"}],"curies":[{"name":"wp","href":"https:\/\/api.w.org\/{rel}","templated":true}]}}