{"id":25465,"date":"2021-06-07T18:17:48","date_gmt":"2021-06-07T18:17:48","guid":{"rendered":"https:\/\/todoapulmon-rafaela.com\/?p=25465"},"modified":"2021-06-07T18:17:48","modified_gmt":"2021-06-07T18:17:48","slug":"confirman-sudamericano-y-mundial-u20-pero-no-el-nacional","status":"publish","type":"post","link":"https:\/\/todoapulmon-rafaela.com\/index.php\/2021\/06\/07\/confirman-sudamericano-y-mundial-u20-pero-no-el-nacional\/","title":{"rendered":"Confirman Sudamericano y Mundial U20, pero no el Nacional"},"content":{"rendered":"<p>El dif\u00edcil escenario por la segunda ola del Covid 19 en Argentina para el deporte, en este caso el atletismo, sigue generando complicaciones para los atletas con aspiraciones de representar al pa\u00eds en pr\u00f3ximas competencias internacionales.<\/p>\n<p>La CADA, confirm\u00f3 en su reuni\u00f3n de Consejo Directivo del pasado 22 de mayo las actividades futuras para la categor\u00eda U-20. Uno de los datos salientes es que volvi\u00f3 postergarse, por tercera ocasi\u00f3n consecutiva, el Campeonato Nacional previsto en Resistencia, Chaco.<\/p>\n<p>En cambio, est\u00e1 ratificada la realizaci\u00f3n\u00a0del Campeonato Mundial de la categor\u00eda en Nairobi, Kenia, para la fecha del\u00a0<strong>17 al 22 de agosto<\/strong>\u00a0de 2021; y previamente, tambi\u00e9n est\u00e1 confirmado el Campeonato Sudamericano U20 para la nueva fecha del\u00a0<strong>9 y 10 de julio<\/strong>\u00a0en Lima, Per\u00fa.<\/p>\n<p>Nuestra ciudad tiene atletas con marca m\u00ednima para el Sudamericano, entre ellos Abril Okon (salto en alto), Pedro Emmert (400 y 800 metros llanos) y Tom\u00e1s Mondino (200 metros llanos), a los cuales las actuales circunstancias sin torneos y entrenamientos limitados los condicionan. Emmert, en Buenos Aires donde si pueden hacerse competencias, es quien mejor est\u00e1 pudiendo prepararse. No obstante, haber tenido antes el Nacional de esta categor\u00eda hubiera sido ideal como medida para todos los chicos con posibilidades.<\/p>\n<p>La Confederaci\u00f3n Argentina de Atletismo tambi\u00e9n expres\u00f3 que \u00abdecidi\u00f3 mantener en suspenso el calendario por el resto del a\u00f1o, y es intenci\u00f3n realizar una reprogramaci\u00f3n de acuerdo a las medidas sanitarias que se adopten durante el corriente mes. Por lo que se solicita a las afiliadas que dentro de las posibilidades de cada provincia o zona realicen los entrenamientos y controles de estado previstos oportunamente y en las condiciones sanitarias vigentes en cada lugar\u00bb.<\/p>\n<p>&nbsp;<\/p>\n","protected":false},"excerpt":{"rendered":"<p>El dif\u00edcil escenario por la segunda ola del Covid 19 en Argentina para el deporte, en este caso el atletismo,<\/p>\n","protected":false},"author":2,"featured_media":25473,"comment_status":"open","ping_status":"open","sticky":false,"template":"","format":"standard","meta":{"footnotes":""},"categories":[7,24],"tags":[],"class_list":["post-25465","post","type-post","status-publish","format-standard","has-post-thumbnail","hentry","category-atletismo","category-noticias-destacadas"],"cc_featured_image_caption":{"caption_text":"","source_text":"","source_url":""},"_links":{"self":[{"href":"https:\/\/todoapulmon-rafaela.com\/index.php\/wp-json\/wp\/v2\/posts\/25465"}],"collection":[{"href":"https:\/\/todoapulmon-rafaela.com\/index.php\/wp-json\/wp\/v2\/posts"}],"about":[{"href":"https:\/\/todoapulmon-rafaela.com\/index.php\/wp-json\/wp\/v2\/types\/post"}],"author":[{"embeddable":true,"href":"https:\/\/todoapulmon-rafaela.com\/index.php\/wp-json\/wp\/v2\/users\/2"}],"replies":[{"embeddable":true,"href":"https:\/\/todoapulmon-rafaela.com\/index.php\/wp-json\/wp\/v2\/comments?post=25465"}],"version-history":[{"count":2,"href":"https:\/\/todoapulmon-rafaela.com\/index.php\/wp-json\/wp\/v2\/posts\/25465\/revisions"}],"predecessor-version":[{"id":25474,"href":"https:\/\/todoapulmon-rafaela.com\/index.php\/wp-json\/wp\/v2\/posts\/25465\/revisions\/25474"}],"wp:featuredmedia":[{"embeddable":true,"href":"https:\/\/todoapulmon-rafaela.com\/index.php\/wp-json\/wp\/v2\/media\/25473"}],"wp:attachment":[{"href":"https:\/\/todoapulmon-rafaela.com\/index.php\/wp-json\/wp\/v2\/media?parent=25465"}],"wp:term":[{"taxonomy":"category","embeddable":true,"href":"https:\/\/todoapulmon-rafaela.com\/index.php\/wp-json\/wp\/v2\/categories?post=25465"},{"taxonomy":"post_tag","embeddable":true,"href":"https:\/\/todoapulmon-rafaela.com\/index.php\/wp-json\/wp\/v2\/tags?post=25465"}],"curies":[{"name":"wp","href":"https:\/\/api.w.org\/{rel}","templated":true}]}}