{"id":25283,"date":"2021-05-24T17:58:16","date_gmt":"2021-05-24T17:58:16","guid":{"rendered":"https:\/\/todoapulmon-rafaela.com\/?p=25283"},"modified":"2021-05-24T17:58:16","modified_gmt":"2021-05-24T17:58:16","slug":"rivales-confirmados-para-los-pumitas-en-sudafrica","status":"publish","type":"post","link":"https:\/\/todoapulmon-rafaela.com\/index.php\/2021\/05\/24\/rivales-confirmados-para-los-pumitas-en-sudafrica\/","title":{"rendered":"Rivales confirmados para Los Pumitas en Sud\u00e1frica"},"content":{"rendered":"<p>Los Pumitas realizar\u00e1n una concentraci\u00f3n desde el 27 de mayo al 10 de junio en Casa Pumas, el predio que la Uni\u00f3n Argentina tiene en Ingeniero Maschwitz.\u00a0Ser\u00e1 el regreso a la actividad para los juveniles argentinos, que por la pandemia se quedaron sin los mundiales M20 de 2020 y 2021 y que no se presentan oficialmente desde el JWC 2019 que se disput\u00f3 en la Argentina.<\/p>\n<p>En la vuelta a los entrenamientos, de cara a la gira prevista por Sud\u00e1frica, est\u00e1 convocado el rafaelino Pedro Rubiolo. Si bien l\u00f3gicamente hay que pasar el filtro de la primera semana, su reciente paso por Jaguares en la Superliga Americana le brinda buenas posibilidades de tener un lugar en el avi\u00f3n.<\/p>\n<p>Junto al jugador del CRAR, otros tres jugadores de equipos de la Uni\u00f3n Santafesina recibieron la convocatoria: Mateo Nu\u00f1ez Miseres (Alma Jrs), Bautista Gren\u00f3n (CRAI) y Juan Cruz Strada (Santa Fe RC).<\/p>\n<p>En las \u00faltimas horas\u00a0La uni\u00f3n sudafricana confirm\u00f3 la llegada del seleccionado juvenil argentino a Stellenbosch para la disputa del \u00abU20 Internacional Series\u00bb, en el que participar\u00e1n tambi\u00e9n Georgia y Uruguay.<\/p>\n<p>Los chicos argentinos comenzar\u00e1n su participaci\u00f3n el 18 de junio frente a Georgia, luego medir\u00e1n fuerzas con los Junior Springboks (23\/6) y cerrar\u00e1n con Uruguay (28\/6). El \u00faltimo encuentro ser\u00e1 el 3 de julio, con rival a confirmar seg\u00fan las posiciones finales.<\/p>\n<p>\u00abArgentina y Georgia han demostrado ser un duro rival en los \u00faltimos a\u00f1os, y esperamos la misma prueba desde una perspectiva de formaciones, f\u00edsico y habilidades. Lo poco que hemos visto de Uruguay es su juego r\u00e1pido y sus quiebres\u00bb, dijo Bafana Nhleko, coach de los sudafricanos.<\/p>\n<p>La concentraci\u00f3n previa durar\u00e1 hasta el 10 de junio y estar\u00e1 dividida en dos etapas. La primera transcurrir\u00e1 entre el 27 de mayo y 1 de junio en donde todos los jugadores convocados deber\u00e1n presentarse a entrenar. Mientras que del 1 de junio al 10 de junio, el grupo se reducir\u00e1 producto de que quedar\u00e1n entrenando los jugadores que participar\u00e1n de la gira.<\/p>\n<p>EL FIXTURE<\/p>\n<p><b>18 de junio<br \/>\n<\/b>Georgia vs Argentina<br \/>\nJunior Springboks vs Uruguay<\/p>\n<p><b>23 de junio<br \/>\n<\/b>Uruguay vs Georgia<br \/>\nJunior Springboks vs Argentina<\/p>\n<p><b>28 de junio<br \/>\n<\/b>Junior Springboks vs Georgia<br \/>\nUruguay vs Argentina<\/p>\n<p><b>3 de julio<br \/>\n<\/b>Fase final.<\/p>\n","protected":false},"excerpt":{"rendered":"<p>Los Pumitas realizar\u00e1n una concentraci\u00f3n desde el 27 de mayo al 10 de junio en Casa Pumas, el predio que<\/p>\n","protected":false},"author":2,"featured_media":25284,"comment_status":"open","ping_status":"open","sticky":false,"template":"","format":"standard","meta":{"footnotes":""},"categories":[24,2],"tags":[],"class_list":["post-25283","post","type-post","status-publish","format-standard","has-post-thumbnail","hentry","category-noticias-destacadas","category-rugby"],"cc_featured_image_caption":{"caption_text":"Pedro Rubiolo en la participaci\u00f3n con Argentina M-18 en el Sudamericano de Paraguay, en 2019.","source_text":"","source_url":""},"_links":{"self":[{"href":"https:\/\/todoapulmon-rafaela.com\/index.php\/wp-json\/wp\/v2\/posts\/25283"}],"collection":[{"href":"https:\/\/todoapulmon-rafaela.com\/index.php\/wp-json\/wp\/v2\/posts"}],"about":[{"href":"https:\/\/todoapulmon-rafaela.com\/index.php\/wp-json\/wp\/v2\/types\/post"}],"author":[{"embeddable":true,"href":"https:\/\/todoapulmon-rafaela.com\/index.php\/wp-json\/wp\/v2\/users\/2"}],"replies":[{"embeddable":true,"href":"https:\/\/todoapulmon-rafaela.com\/index.php\/wp-json\/wp\/v2\/comments?post=25283"}],"version-history":[{"count":1,"href":"https:\/\/todoapulmon-rafaela.com\/index.php\/wp-json\/wp\/v2\/posts\/25283\/revisions"}],"predecessor-version":[{"id":25285,"href":"https:\/\/todoapulmon-rafaela.com\/index.php\/wp-json\/wp\/v2\/posts\/25283\/revisions\/25285"}],"wp:featuredmedia":[{"embeddable":true,"href":"https:\/\/todoapulmon-rafaela.com\/index.php\/wp-json\/wp\/v2\/media\/25284"}],"wp:attachment":[{"href":"https:\/\/todoapulmon-rafaela.com\/index.php\/wp-json\/wp\/v2\/media?parent=25283"}],"wp:term":[{"taxonomy":"category","embeddable":true,"href":"https:\/\/todoapulmon-rafaela.com\/index.php\/wp-json\/wp\/v2\/categories?post=25283"},{"taxonomy":"post_tag","embeddable":true,"href":"https:\/\/todoapulmon-rafaela.com\/index.php\/wp-json\/wp\/v2\/tags?post=25283"}],"curies":[{"name":"wp","href":"https:\/\/api.w.org\/{rel}","templated":true}]}}