{"id":25239,"date":"2021-05-22T14:08:50","date_gmt":"2021-05-22T14:08:50","guid":{"rendered":"https:\/\/todoapulmon-rafaela.com\/?p=25239"},"modified":"2021-05-22T14:09:50","modified_gmt":"2021-05-22T14:09:50","slug":"el-segundo-nacional-que-tuvo-presencias-rafaelinas-termino-el-viernes-sin-finales","status":"publish","type":"post","link":"https:\/\/todoapulmon-rafaela.com\/index.php\/2021\/05\/22\/el-segundo-nacional-que-tuvo-presencias-rafaelinas-termino-el-viernes-sin-finales\/","title":{"rendered":"El segundo Nacional, que tuvo presencias rafaelinas, termin\u00f3 el viernes sin finales"},"content":{"rendered":"<p>Desde el lunes hasta ayer viernes se realiz\u00f3 el segundo torneo Nacional de Tenis de Menores (ex Grado 1), en el Club N\u00e1utico Hacoaj de Buenos Aires.<\/p>\n<p>La lluvia impidi\u00f3 completar las finales\u00a0en las cuatro categor\u00edas, Sub 12, 14, 16 y 18.\u00a0De esta manera, y ante la imposibilidad de reprogramar la jornada por las restricciones que comenzaron a regir a partir de las 00:00 del s\u00e1bado, la competencia lleg\u00f3 a su fin.<\/p>\n<p>Al no haber concluido los cuadros, se cargar\u00e1n en los respectivos rankings los puntos que corresponden a la \u00faltima instancia completa; es decir, en todos los casos tendr\u00e1n puntos de finalistas.<\/p>\n<p>Nuestra ciudad tuvo dos participantes en el certamen, representando a la Liga de Tenis del Litoral. En varones, Valentino Oggero (Sub 18) perdi\u00f3 en el primer partido de la clasificaci\u00f3n frente a Joaqu\u00edn Cabello (Buenos Aires) por 6-1 y 6-2.<\/p>\n<p>En mujeres, Agustina Vottero (Sub 14) perdi\u00f3 en la primera ronda del cuadro principal frente a Agustina Grassi (FTC) por 6-0 y 6-1.<\/p>\n<p>Tal como se inform\u00f3 previamente, todas las competiciones del calendario oficial de la AAT se reprograman hasta el 31 de mayo, debido a las medidas anunciadas por el Gobierno Nacional en las \u00faltimas horas.<\/p>\n<p><u><strong>FINALISTAS DEL 2DO NACIONAL DE 2021<\/strong><\/u><br \/>\n<strong>Mujeres:<\/strong><br \/>\nSub 12<br \/>\nMora Carrocera \u2013\u00a0Mia Celesta Brayotta<\/p>\n<p>Sub 12 Second Chance<br \/>\nLuisana Schonberger \u2013\u00a0Victoria J. Arias Medina<\/p>\n<p>Sub 14<br \/>\nCandela Vazquez \u2013\u00a0Sol A. Larraya Guidi<\/p>\n<p>Sub 14 Second Chance<br \/>\nDaphne B. Marquez \u2013\u00a0Tiara B. Alvarez<\/p>\n<p>Sub 16<br \/>\nLourdes Ayala \u2013\u00a0Luciana Moyano<\/p>\n<p>Sub 16 Second Chance<br \/>\nFlorencia Moron \u2013\u00a0Justina M. Gonzalez Daniele<\/p>\n<p>Sub 18<br \/>\nKatja Bel\u00e9n Markus \u2013\u00a0Guillermina Silva<\/p>\n<p>Sub 18\u00a0\u00a0Second Chance<br \/>\nClaudina Aiassa \u2013\u00a0Carola C. Sosa<\/p>\n<p><strong>Varones:<\/strong><br \/>\nSub 12<br \/>\nBenjam\u00edn Agorreca\u00a0\u2013\u00a0Gabriel I. Ursini<\/p>\n<p>Sub 12 Second Chance<br \/>\nM\u00e1ximo A. Cataldi\u00a0\u2013\u00a0Joaqu\u00edn Gait\u00e1n<\/p>\n<p>Sub 14<br \/>\nValent\u00edn Garay \u2013\u00a0Mateo Carballo<\/p>\n<p>Sub 14\u00a0Second Chance<br \/>\nVicente J. Benitez\u00a0\u2013\u00a0Facundo Bagnati<\/p>\n<p>Sub 16<br \/>\nNikos Lehmann \u2013\u00a0Gonzalo Zeitune<\/p>\n<p>Sub 16 Second Chance<br \/>\nTadeo Gaggiofatto\u00a0\u2013\u00a0Romeo Arcuschin<\/p>\n<p>Sub 18<br \/>\nFelipe De Dios \u2013\u00a0Tom\u00e1s Mart\u00ednez<\/p>\n<p>Sub 18\u00a0Second Chance<br \/>\nJuan Ignacio Zamora \u2013\u00a0Santiago Carmona.<\/p>\n<p>&nbsp;<\/p>\n","protected":false},"excerpt":{"rendered":"<p>Desde el lunes hasta ayer viernes se realiz\u00f3 el segundo torneo Nacional de Tenis de Menores (ex Grado 1), en<\/p>\n","protected":false},"author":2,"featured_media":25240,"comment_status":"open","ping_status":"open","sticky":false,"template":"","format":"standard","meta":{"footnotes":""},"categories":[24,6],"tags":[],"class_list":["post-25239","post","type-post","status-publish","format-standard","has-post-thumbnail","hentry","category-noticias-destacadas","category-tenis"],"cc_featured_image_caption":{"caption_text":"Integrantes del equipo de la Liga de Tenis del Litoral.","source_text":"","source_url":""},"_links":{"self":[{"href":"https:\/\/todoapulmon-rafaela.com\/index.php\/wp-json\/wp\/v2\/posts\/25239"}],"collection":[{"href":"https:\/\/todoapulmon-rafaela.com\/index.php\/wp-json\/wp\/v2\/posts"}],"about":[{"href":"https:\/\/todoapulmon-rafaela.com\/index.php\/wp-json\/wp\/v2\/types\/post"}],"author":[{"embeddable":true,"href":"https:\/\/todoapulmon-rafaela.com\/index.php\/wp-json\/wp\/v2\/users\/2"}],"replies":[{"embeddable":true,"href":"https:\/\/todoapulmon-rafaela.com\/index.php\/wp-json\/wp\/v2\/comments?post=25239"}],"version-history":[{"count":2,"href":"https:\/\/todoapulmon-rafaela.com\/index.php\/wp-json\/wp\/v2\/posts\/25239\/revisions"}],"predecessor-version":[{"id":25242,"href":"https:\/\/todoapulmon-rafaela.com\/index.php\/wp-json\/wp\/v2\/posts\/25239\/revisions\/25242"}],"wp:featuredmedia":[{"embeddable":true,"href":"https:\/\/todoapulmon-rafaela.com\/index.php\/wp-json\/wp\/v2\/media\/25240"}],"wp:attachment":[{"href":"https:\/\/todoapulmon-rafaela.com\/index.php\/wp-json\/wp\/v2\/media?parent=25239"}],"wp:term":[{"taxonomy":"category","embeddable":true,"href":"https:\/\/todoapulmon-rafaela.com\/index.php\/wp-json\/wp\/v2\/categories?post=25239"},{"taxonomy":"post_tag","embeddable":true,"href":"https:\/\/todoapulmon-rafaela.com\/index.php\/wp-json\/wp\/v2\/tags?post=25239"}],"curies":[{"name":"wp","href":"https:\/\/api.w.org\/{rel}","templated":true}]}}