{"id":25147,"date":"2021-05-14T16:54:52","date_gmt":"2021-05-14T16:54:52","guid":{"rendered":"https:\/\/todoapulmon-rafaela.com\/?p=25147"},"modified":"2021-05-14T16:54:52","modified_gmt":"2021-05-14T16:54:52","slug":"las-federaciones-pidieron-por-los-clubes-y-la-competencia","status":"publish","type":"post","link":"https:\/\/todoapulmon-rafaela.com\/index.php\/2021\/05\/14\/las-federaciones-pidieron-por-los-clubes-y-la-competencia\/","title":{"rendered":"Las Federaciones pidieron por los clubes y la competencia"},"content":{"rendered":"<p>Como se hab\u00eda anunciado, este viernes se realiz\u00f3 en la sede de la Asociaci\u00f3n Santafesina de B\u00e1squet una conferencia de prensa de los representantes del deporte federado de la provincia de Santa Fe, en el cual expresaron su descontento con las nuevas restricciones. La misma cont\u00f3 con la presencia de la mesa provincial integrada por Fabi\u00e1n Bochatay (v\u00f3ley), Roberto Monti (b\u00e1squetbol), Patricio L\u00f3pez (hockey), Enrique Patrizzi (rugby), Alberto Scarp\u00edn (atletismo), Pablo Fari\u00f1as (automovilismo), entre otras.<br \/>\nLos dirigentes deportivos de la provincia de Santa Fe pidieron con claridad que se deje sin efecto el decreto 447 que entr\u00f3 en vigencia el pasado fin de semana, y que se aplique el \u00faltimo decreto del gobierno nacional, el que lleva el n\u00famero 287, en el cual se permite la competencia oficial, a puertas cerradas, sin p\u00fablico, y con solamente la presencia de los equipos. Con un protocolo que funciones y que se tengan los cuidados cuando los jugadores ingresen a la instituci\u00f3n, inform\u00f3 diario UNO de Santa Fe.<br \/>\nLos dirigentes manifestaron que pretenden volver a la actividad federativa oficial, sin p\u00fablico y a puertas cerradas, ya que aseguran que est\u00e1n dadas todas las herramientas para funcionar con cuidados. Eso es lo que le est\u00e1n pidiendo concretamente al gobierno provincial. Han solicitado reuniones y audiencias al gobernador Omar Perotti, pero hasta el momento no han tenido respuesta alguna, y adelantaron que van a aguardar hasta el lunes, y que, si la negativa contin\u00faa el martes asistir\u00edan a Plaza de Mayo a manifestarse, no con bombos y platillos, sino que con actividades deportivas.<br \/>\n\u00abAc\u00e1 estamos todas las federaciones y asociaciones deportivas de toda la provincia, quienes, en marzo pasado, cuando arranc\u00f3 la pandemia, nos juntamos para desarrollar objetivos. La pandemia nos cerr\u00f3 los clubes, que son los socios estrat\u00e9gicos de las federaciones. Con esta mesa provincial pretendemos marcar algunas diferencias con el decreto del gobierno provincial, en donde nos han cerrado las puertas de los clubes\u00bb comenz\u00f3 expresando Fabi\u00e1n Bochatay, presidente de la Federaci\u00f3n Santafesina de V\u00f3leibol.<br \/>\nEl dirigente del v\u00f3ley remarc\u00f3 que \u00abel motivo de esta convocatoria es pedirle al gobierno provincial que revea el \u00faltimo decreto provincial en el cual nos restringe y no nos deja funcionar. El a\u00f1o pasado hemos trabajado en protocolos, cada asociaci\u00f3n y federaci\u00f3n, envi\u00f3 notas ofreciendo estrategias y ensayos, porque el objetivo principal es la salud, y en segundo lugar, la supervivencia de los clubes, ya que sin clubes no hay deportes\u00bb.<br \/>\n\u00abCuando los atletas dejan de ir al club, dejan de pagar la cuota, y cuando eso pasa los clubes se caen a pedazos. Los clubes est\u00e1n en situaciones l\u00edmites, con muchas deudas. Los subsidios que dio el gobierno provincial son bienvenidos, pero no alcanzan. No son suficientes para subsanar tantos meses sin ingresos. Nosotros queremos funcionar, y en situaci\u00f3n de pandemia lo podemos hacer con todos los protocolos sanitarios, y con todos los cuidados posibles\u00bb se\u00f1al\u00f3 el tambi\u00e9n presidente de la Asociaci\u00f3n Santafesina de Voleibol.<br \/>\nM\u00e1s detalles<br \/>\nA su turno, Roberto Monti, presidente de la Federaci\u00f3n de B\u00e1squetbol de Santa Fe, explic\u00f3 que \u00abvemos que se est\u00e1n produciendo algunas falencias que no nos permiten realizar las actividades lo m\u00e1s normal posible. Hemos solicitado audiencias, pero no nos las han concedido, como para poder conversar las propuestas que nosotros tenemos para hacerle al gobierno provincial. Lo que queremos que el gobierno tome las medidas posibles, no solamente con el deporte. Cuando decimos salud, el deporte cumple una funci\u00f3n importante, por lo que creemos que tenemos que plantear las cosas en un t\u00e9rmino de igualdad\u00bb.<br \/>\n\u00abNo es criterioso que las competencias nacionales se puedan desarrollar, est\u00e1 contemplado en el decreto nacional la autorizaci\u00f3n para que se den competencias regionales y locales, y se da la situaci\u00f3n que no permiten ingresar a los clubes a jugadores que afrontan competencias locales, pero si a aquellos que lo hacen a nivel nacional. Eso no tiene sentido, hay una discriminaci\u00f3n, y lo que ha ocurrido siempre, que los clubes son los que se ocupan de contener a la sociedad\u00bb manifest\u00f3 el expresidente de la Asociaci\u00f3n Santafesina de B\u00e1squet.<br \/>\nFuente: Diario Uno Santa Fe.<\/p>\n","protected":false},"excerpt":{"rendered":"<p>Como se hab\u00eda anunciado, este viernes se realiz\u00f3 en la sede de la Asociaci\u00f3n Santafesina de B\u00e1squet una conferencia de<\/p>\n","protected":false},"author":2,"featured_media":25148,"comment_status":"open","ping_status":"open","sticky":false,"template":"","format":"standard","meta":{"footnotes":""},"categories":[24],"tags":[],"class_list":["post-25147","post","type-post","status-publish","format-standard","has-post-thumbnail","hentry","category-noticias-destacadas"],"cc_featured_image_caption":{"caption_text":"Foto Federaci\u00f3n Santafesina de B\u00e1squetbol","source_text":"","source_url":""},"_links":{"self":[{"href":"https:\/\/todoapulmon-rafaela.com\/index.php\/wp-json\/wp\/v2\/posts\/25147"}],"collection":[{"href":"https:\/\/todoapulmon-rafaela.com\/index.php\/wp-json\/wp\/v2\/posts"}],"about":[{"href":"https:\/\/todoapulmon-rafaela.com\/index.php\/wp-json\/wp\/v2\/types\/post"}],"author":[{"embeddable":true,"href":"https:\/\/todoapulmon-rafaela.com\/index.php\/wp-json\/wp\/v2\/users\/2"}],"replies":[{"embeddable":true,"href":"https:\/\/todoapulmon-rafaela.com\/index.php\/wp-json\/wp\/v2\/comments?post=25147"}],"version-history":[{"count":1,"href":"https:\/\/todoapulmon-rafaela.com\/index.php\/wp-json\/wp\/v2\/posts\/25147\/revisions"}],"predecessor-version":[{"id":25149,"href":"https:\/\/todoapulmon-rafaela.com\/index.php\/wp-json\/wp\/v2\/posts\/25147\/revisions\/25149"}],"wp:featuredmedia":[{"embeddable":true,"href":"https:\/\/todoapulmon-rafaela.com\/index.php\/wp-json\/wp\/v2\/media\/25148"}],"wp:attachment":[{"href":"https:\/\/todoapulmon-rafaela.com\/index.php\/wp-json\/wp\/v2\/media?parent=25147"}],"wp:term":[{"taxonomy":"category","embeddable":true,"href":"https:\/\/todoapulmon-rafaela.com\/index.php\/wp-json\/wp\/v2\/categories?post=25147"},{"taxonomy":"post_tag","embeddable":true,"href":"https:\/\/todoapulmon-rafaela.com\/index.php\/wp-json\/wp\/v2\/tags?post=25147"}],"curies":[{"name":"wp","href":"https:\/\/api.w.org\/{rel}","templated":true}]}}