{"id":2512,"date":"2016-09-08T23:47:38","date_gmt":"2016-09-08T23:47:38","guid":{"rendered":"http:\/\/todoapulmon-rafaela.com\/?p=2512"},"modified":"2016-09-08T23:47:38","modified_gmt":"2016-09-08T23:47:38","slug":"josefina-rico-con-un-buen-inicio-en-brasil","status":"publish","type":"post","link":"https:\/\/todoapulmon-rafaela.com\/index.php\/2016\/09\/08\/josefina-rico-con-un-buen-inicio-en-brasil\/","title":{"rendered":"Josefina Rico con un buen inicio en Brasil"},"content":{"rendered":"<p>Este jueves comenz\u00f3 la participaci\u00f3n de la categor\u00eda Junior en el Fei South Americas Championship, en la Sociedad H\u00edpica de San Pablo, Brasil<\/p>\n<p>En el torneo internacional que concentra a las mejores promesas en equitaci\u00f3n de esta parte sur del continente, la amazona rafaelina Josefina Rico se ubic\u00f3 en esta primera jornada clasificatoria en el puesto 12, entre 21 inscriptos, con su caballo Entrerriano JR, cumpliendo el recorrido sobre 1m40 sin faltas y siendo la mejor clasificada del equipo argentino.<\/p>\n<div>Durante este viernes continuar\u00e1 el desarrollo de la competencia, buscando la posibilidad de meterse en la definici\u00f3n que tendr\u00e1 lugar el domingo.<\/div>\n<div>La primera posici\u00f3n en este jueves fue para la amazona brasilera Victoria Junqueira Ribeiro de Mendonca. Cabe mencionar que este viernes se disputar\u00e1 tambi\u00e9n la Copa de Naciones, prueba por equipos.<\/div>\n<div>Esta fue la clasificaci\u00f3n del jueves:<\/div>\n<div><a href=\"http:\/\/todoapulmon-rafaela.com\/wp-content\/uploads\/2016\/09\/RESULTADOjuniorQUINTA.pdf\" rel=\"\">resultadojuniorquinta<\/a><\/div>\n<div><\/div>\n","protected":false},"excerpt":{"rendered":"<p>Este jueves comenz\u00f3 la participaci\u00f3n de la categor\u00eda Junior en el Fei South Americas Championship, en la Sociedad H\u00edpica de<\/p>\n","protected":false},"author":2,"featured_media":2513,"comment_status":"open","ping_status":"open","sticky":false,"template":"","format":"standard","meta":{"footnotes":""},"categories":[24,15],"tags":[],"class_list":["post-2512","post","type-post","status-publish","format-standard","has-post-thumbnail","hentry","category-noticias-destacadas","category-saltos-hipicos"],"cc_featured_image_caption":{"caption_text":"Josefina Rico en acci\u00f3n en San Pablo con Entrerriano. (Foto ElectroTime).","source_text":"","source_url":""},"_links":{"self":[{"href":"https:\/\/todoapulmon-rafaela.com\/index.php\/wp-json\/wp\/v2\/posts\/2512"}],"collection":[{"href":"https:\/\/todoapulmon-rafaela.com\/index.php\/wp-json\/wp\/v2\/posts"}],"about":[{"href":"https:\/\/todoapulmon-rafaela.com\/index.php\/wp-json\/wp\/v2\/types\/post"}],"author":[{"embeddable":true,"href":"https:\/\/todoapulmon-rafaela.com\/index.php\/wp-json\/wp\/v2\/users\/2"}],"replies":[{"embeddable":true,"href":"https:\/\/todoapulmon-rafaela.com\/index.php\/wp-json\/wp\/v2\/comments?post=2512"}],"version-history":[{"count":1,"href":"https:\/\/todoapulmon-rafaela.com\/index.php\/wp-json\/wp\/v2\/posts\/2512\/revisions"}],"predecessor-version":[{"id":2515,"href":"https:\/\/todoapulmon-rafaela.com\/index.php\/wp-json\/wp\/v2\/posts\/2512\/revisions\/2515"}],"wp:featuredmedia":[{"embeddable":true,"href":"https:\/\/todoapulmon-rafaela.com\/index.php\/wp-json\/wp\/v2\/media\/2513"}],"wp:attachment":[{"href":"https:\/\/todoapulmon-rafaela.com\/index.php\/wp-json\/wp\/v2\/media?parent=2512"}],"wp:term":[{"taxonomy":"category","embeddable":true,"href":"https:\/\/todoapulmon-rafaela.com\/index.php\/wp-json\/wp\/v2\/categories?post=2512"},{"taxonomy":"post_tag","embeddable":true,"href":"https:\/\/todoapulmon-rafaela.com\/index.php\/wp-json\/wp\/v2\/tags?post=2512"}],"curies":[{"name":"wp","href":"https:\/\/api.w.org\/{rel}","templated":true}]}}