{"id":25071,"date":"2021-05-09T14:09:21","date_gmt":"2021-05-09T14:09:21","guid":{"rendered":"https:\/\/todoapulmon-rafaela.com\/?p=25071"},"modified":"2021-05-09T19:11:51","modified_gmt":"2021-05-09T19:11:51","slug":"mariela-delgado-logro-la-medalla-de-oro-en-ruta-en-la-copa-del-mundo","status":"publish","type":"post","link":"https:\/\/todoapulmon-rafaela.com\/index.php\/2021\/05\/09\/mariela-delgado-logro-la-medalla-de-oro-en-ruta-en-la-copa-del-mundo\/","title":{"rendered":"Mariela Delgado logr\u00f3 la medalla de oro en Ruta en la Copa del Mundo"},"content":{"rendered":"<p>En la ruta de la Copa del Mundo de ciclismo adaptado en Ostende, B\u00e9lgica, en la categoria WC5, la misionera Mariela Delgado obtuvo la medalla de oro este domingo. Sin dudas una enorme satisfacci\u00f3n para la pedalista que se formara deportivamente en el Club Ciclista de Rafaela, con Norberto y Daniel Capella, y que ya lleva varios a\u00f1os integrando la selecci\u00f3n nacional de paraciclismo.<\/p>\n<div class=\"o9v6fnle cxmmr5t8 oygrvhab hcukyx3x c1et5uql ii04i59q\">\n<div dir=\"auto\">Delgado estableci\u00f3 un tiempo de 1h 49m 48s y as\u00ed se qued\u00f3 con el primer lugar, en una carrera muy pareja donde cinco atletas llegaron al sprint final con chances, pero ah\u00ed prevaleci\u00f3 la argentina. Cabe recordar que tambi\u00e9n hab\u00eda sido campeona en el a\u00f1o 2017 en Maniago, Italia.<\/div>\n<div dir=\"auto\"><img loading=\"lazy\" decoding=\"async\" class=\"alignnone size-medium wp-image-24444\" src=\"https:\/\/todoapulmon-rafaela.com\/wp-content\/uploads\/2021\/03\/Logo-Leandri-2-300x108.jpg\" alt=\"Logo Leandri 2\" width=\"300\" height=\"108\" srcset=\"https:\/\/todoapulmon-rafaela.com\/wp-content\/uploads\/2021\/03\/Logo-Leandri-2-300x108.jpg 300w, https:\/\/todoapulmon-rafaela.com\/wp-content\/uploads\/2021\/03\/Logo-Leandri-2.jpg 896w\" sizes=\"(max-width: 300px) 100vw, 300px\" \/><\/div>\n<div dir=\"auto\">\u00abEra un circuito llano, que la favorece a Mariela, y el sprint siempre la favorece tambi\u00e9n. Ahora hay que seguir trabajando para el Mundial de ruta y para Tokio\u00bb, analiz\u00f3 Mart\u00edn Ferrari, el entrenador del equipo, en una charla con Paradeportes. Cabe mencionar que Mariela hab\u00eda logrado el sexto puesto en la contrarreloj individual.<\/div>\n<div dir=\"auto\">\n<div style=\"width: 800px;\" class=\"wp-video\"><!--[if lt IE 9]><script>document.createElement('video');<\/script><![endif]-->\n<video class=\"wp-video-shortcode\" id=\"video-25071-1\" width=\"800\" height=\"453\" preload=\"metadata\" controls=\"controls\"><source type=\"video\/mp4\" src=\"https:\/\/todoapulmon-rafaela.com\/wp-content\/uploads\/2021\/05\/VID-20210509-WA00001.mp4?_=1\" \/><a href=\"https:\/\/todoapulmon-rafaela.com\/wp-content\/uploads\/2021\/05\/VID-20210509-WA00001.mp4\">https:\/\/todoapulmon-rafaela.com\/wp-content\/uploads\/2021\/05\/VID-20210509-WA00001.mp4<\/a><\/video><\/div>\n<\/div>\n<div dir=\"auto\"><\/div>\n<\/div>\n<div class=\"o9v6fnle cxmmr5t8 oygrvhab hcukyx3x c1et5uql ii04i59q\">\n<div dir=\"auto\">Por otro lado, el t\u00e1ndem masculino de Ra\u00fal Villalba (reemplaz\u00f3 a \u00faltimo momento a Maximiliano G\u00f3mez, positivo de coronavirus antes del viaje) y Sebasti\u00e1n Tolosa termin\u00f3 16\u00b0 pero con el mismo tiempo que el puesto 12, lo que mantiene su rendimiento en la prueba contrarreloj en el m\u00e1ximo nivel de exigencia a nivel mundial. Y el t\u00e1ndem femenino de Mar\u00eda Jos\u00e9 Quiroga y Micaela Barroso fue descalificado por no completar el recorrido.<\/div>\n<\/div>\n<div class=\"o9v6fnle cxmmr5t8 oygrvhab hcukyx3x c1et5uql ii04i59q\">\n<div dir=\"auto\">Ahora el seleccionado se prepara para el Mundial de ruta en Portugal, pactado para junio. Luego, el gran objetivo ser\u00e1n los Juegos Paral\u00edmpicos de Tokio.<\/div>\n<div dir=\"auto\"><\/div>\n<\/div>\n","protected":false},"excerpt":{"rendered":"<p>En la ruta de la Copa del Mundo de ciclismo adaptado en Ostende, B\u00e9lgica, en la categoria WC5, la misionera<\/p>\n","protected":false},"author":2,"featured_media":25075,"comment_status":"open","ping_status":"open","sticky":false,"template":"","format":"standard","meta":{"footnotes":""},"categories":[4,24],"tags":[],"class_list":["post-25071","post","type-post","status-publish","format-standard","has-post-thumbnail","hentry","category-ciclismo","category-noticias-destacadas"],"cc_featured_image_caption":{"caption_text":"Mariela tuvo una gran carrera (foto Ciclismo FACPyR).","source_text":"","source_url":""},"_links":{"self":[{"href":"https:\/\/todoapulmon-rafaela.com\/index.php\/wp-json\/wp\/v2\/posts\/25071"}],"collection":[{"href":"https:\/\/todoapulmon-rafaela.com\/index.php\/wp-json\/wp\/v2\/posts"}],"about":[{"href":"https:\/\/todoapulmon-rafaela.com\/index.php\/wp-json\/wp\/v2\/types\/post"}],"author":[{"embeddable":true,"href":"https:\/\/todoapulmon-rafaela.com\/index.php\/wp-json\/wp\/v2\/users\/2"}],"replies":[{"embeddable":true,"href":"https:\/\/todoapulmon-rafaela.com\/index.php\/wp-json\/wp\/v2\/comments?post=25071"}],"version-history":[{"count":3,"href":"https:\/\/todoapulmon-rafaela.com\/index.php\/wp-json\/wp\/v2\/posts\/25071\/revisions"}],"predecessor-version":[{"id":25086,"href":"https:\/\/todoapulmon-rafaela.com\/index.php\/wp-json\/wp\/v2\/posts\/25071\/revisions\/25086"}],"wp:featuredmedia":[{"embeddable":true,"href":"https:\/\/todoapulmon-rafaela.com\/index.php\/wp-json\/wp\/v2\/media\/25075"}],"wp:attachment":[{"href":"https:\/\/todoapulmon-rafaela.com\/index.php\/wp-json\/wp\/v2\/media?parent=25071"}],"wp:term":[{"taxonomy":"category","embeddable":true,"href":"https:\/\/todoapulmon-rafaela.com\/index.php\/wp-json\/wp\/v2\/categories?post=25071"},{"taxonomy":"post_tag","embeddable":true,"href":"https:\/\/todoapulmon-rafaela.com\/index.php\/wp-json\/wp\/v2\/tags?post=25071"}],"curies":[{"name":"wp","href":"https:\/\/api.w.org\/{rel}","templated":true}]}}