{"id":25065,"date":"2021-05-09T03:43:29","date_gmt":"2021-05-09T03:43:29","guid":{"rendered":"https:\/\/todoapulmon-rafaela.com\/?p=25065"},"modified":"2021-05-09T03:56:35","modified_gmt":"2021-05-09T03:56:35","slug":"el-gobierno-provincial-prohibio-ahora-tambien-la-modalidad-entrenamiento","status":"publish","type":"post","link":"https:\/\/todoapulmon-rafaela.com\/index.php\/2021\/05\/09\/el-gobierno-provincial-prohibio-ahora-tambien-la-modalidad-entrenamiento\/","title":{"rendered":"El Gobierno provincial prohibi\u00f3 ahora tambi\u00e9n la modalidad entrenamiento"},"content":{"rendered":"<p>El Gobierno de la Provincia volvi\u00f3 a modificar y aclarar sobre una resoluci\u00f3n anterior. Y en este caso el afectado es el deporte de competencia, ahora en la modalidad entrenamiento, que en la resoluci\u00f3n conocida en la ma\u00f1ana del s\u00e1bado en principio no se ve\u00eda suspendida en su desarrollo.<\/p>\n<p>Ya el freno de los torneos y competencias hab\u00eda sido un golpe duro para las expectativas de los deportistas y equipos. Ahora interrumpir los entrenamientos puede ser notoriamente perjudicial, porque puede implicar hacer perder varios meses de trabajo. Y ni que hablar para los clubes, que ya estuvieron en jaque el a\u00f1o pasado estando cerrados cuatro meses sin ingresos. Ahora les vuelven a cerrar las puertas, salvo que en las pr\u00f3ximas horas surja alguna modificaci\u00f3n tomando en cuenta la tensa situaci\u00f3n generada por la resoluci\u00f3n de los gimnasios de abrir igualmente el lunes.<\/p>\n<p>A partir de la Resoluci\u00f3n N\u00ba164, el gobierno de la provincia especific\u00f3 los alcances del Decreto N\u00ba 0458\/21, cuyos objetivos centrales fueron presentados por el gobernador Omar Perotti y la ministra de Salud, Sonia Martorano. En relaci\u00f3n al mencionado decreto, y desde la resoluci\u00f3n aclaratoria, el gobierno provincial hizo foco en el art\u00edculo 3\u00ba donde se suspenden las distintas actividades deportivas desde el 08 hasta el 21 de mayo de 2021 inclusive.<\/p>\n<p>Esto significa que las actividades de los clubes, tanto en \u00e1mbitos cerrados como abiertos y en cualquier modalidad, quedaron suspendidas en los 14 departamentos que hoy figuran en rojo a nivel sanitario, aquellos que evidencian una situaci\u00f3n epidemiol\u00f3gica de alto riesgo. En este grupo, los departamentos incluidos son: La Capital, Las Colonias, San Jer\u00f3nimo, Castellanos, San Justo, San Mart\u00edn, San Crist\u00f3bal, Belgrano, Constituci\u00f3n, Caseros, General L\u00f3pez, Iriondo, Rosario y San Lorenzo.<\/p>\n<p>EL TEXTO<\/p>\n<p><span class=\"a\">\u00abQue por indicaci\u00f3n del se\u00f1or Gobernador corresponde precisar los\u00a0<\/span><span class=\"a\">alcances de la medida en relaci\u00f3n con la modalidad entrenamiento de los deportistas, tanto\u00a0<\/span><span class=\"a\">al aire libre como en las instalaciones cerradas de los clubes, gimnasios y establecimientos\u00a0<\/span><span class=\"a\">afines;<\/span><\/p>\n<p><span class=\"a\">Que\u00a0res<span class=\"l7\">ul<span class=\"l6\">ta\u00a0ne<span class=\"l6\">ces<span class=\"l7\">ari<span class=\"l8\">o\u00a0ar<span class=\"l6\">mon<span class=\"l8\">iza<span class=\"l8\">r\u00a0la<span class=\"l6\">s\u00a0med<span class=\"l8\">ida<span class=\"l8\">s\u00a0con<span class=\"l8\">ten<span class=\"l7\">ida<span class=\"l8\">s\u00a0en\u00a0el\u00a0<\/span><\/span><\/span><\/span><\/span><\/span><\/span><\/span><\/span><\/span><\/span><\/span><\/span><\/span><\/span><span class=\"a\">Decreto N\u00ba 0458\/21 con otras dispuestas con anterioridad en el marco de la convivencia en\u00a0<\/span><span class=\"a\">pandemia, tales como la suspensi\u00f3n vigente hasta el 21 de mayo inclusive, en la totalidad\u00a0<\/span><span class=\"a\">del territorio provincial, de las reuniones sociales en espacios p\u00fablicos al aire libre de m\u00e1s\u00a0<\/span><span class=\"a\">de diez (10) personas; la\u00a0pr\u00e1ctica recreativa de deportes en establecimien<span class=\"l6\">tos cerrados y\u00a0las\u00a0<\/span><\/span><span class=\"a\">actividades f\u00edsicas en espacios p\u00fablicos al aire libre que involucren a m\u00e1s de diez (10)\u00a0<\/span><span class=\"a\">personas participando de las mismas, y la pr\u00e1ctica recreativa de deportes grupales de\u00a0<\/span><span class=\"a\">contacto, cualquiera sea el n\u00famero de\u00a0participan<span class=\"l6\">tes (Decreto N\u00ba\u00a00447\/21, Art\u00edculo 2\u00ba incisos\u00a0<\/span><\/span><span class=\"a\">b) y c));\u00a0<\/span><\/p>\n<p><span class=\"a\">Que el Art\u00edculo 10\u00ba inciso 20) de la Ley Org\u00e1nica de Ministerios N\u00ba<\/span><span class=\"a\">13920 establece que compete al Ministerio de Gesti\u00f3n P\u00fablica \u201cIntervenir y participar en\u00a0<\/span><span class=\"a\">toda gesti\u00f3n que le\u00a0encomiend<span class=\"l6\">e el\u00a0Gobernador\u201d;\u00a0<\/span><\/span><span class=\"a\">Que el presente acto se\u00a0dicta ad refer\u00e9ndum del Poder Ejecutivo;<\/span><\/p>\n<div id=\"outer_page_1\" class=\"outer_page only_ie6_border \">\n<div id=\"page1\" class=\"newpage\">\n<div class=\"text_layer\">\n<div class=\"ie_fix\">\n<div class=\"ff1\"><span class=\"a\">El Ministro de Gesti\u00f3n P\u00fablica:<\/span><\/div>\n<div class=\"ff1\"><span class=\"a\">R e s u e l v e:\u00a0<\/span><span class=\"a\">ART\u00cdCULO 1\u00ba:<\/span><\/div>\n<div class=\"ff0\"><span class=\"a\">Establ\u00e9cese, ad refer\u00e9ndum del Poder Ejecutivo, que queda alcanzada por\u00a0<\/span><span class=\"a\">la suspensi\u00f3n de actividades dispuesta hasta el 21 de mayo de 2021 por el<\/span><span class=\"a\">\u00a0Art\u00edculo 3\u00ba\u00a0del Decreto\u00a0N\u00ba 0458\/21, en\u00a0los Departamentos de\u00a0la Provincia que\u00a0dicha norma\u00a0<\/span><span class=\"a\">precisa, la actividad deportiva en modalidad entrenamiento, comprensiva de:<\/span><\/div>\n<\/div>\n<\/div>\n<\/div>\n<div class=\"b_tl\">\n<div class=\"ff0\"><span class=\"a\">a) La que efect\u00faen entre s\u00ed los deportistas de una entidad en sus instalaciones o al aire\u00a0<\/span><span class=\"a\">libre, sin interactuar con los de\u00a0otras instituciones; y<\/span><\/div>\n<div class=\"ff0\"><span class=\"a\">b) La que se efect\u00fae con car\u00e1cter recreativo en grupos de entrenamiento en espacios\u00a0<\/span><span class=\"a\">cerrados o al aire libre.<\/span><span class=\"a\">\u00a0<\/span><\/div>\n<div class=\"ff1\"><span class=\"a\">ART\u00cdCULO 2\u00ba:<\/span><\/div>\n<div class=\"ff0\"><span class=\"a\">Reg\u00edstrese, comun\u00edquese, publ\u00edquese y arch\u00edvese.\u00bb<\/span><\/div>\n<\/div>\n<div class=\"b_tr\"><\/div>\n<div class=\"b_l\"><\/div>\n<\/div>\n","protected":false},"excerpt":{"rendered":"<p>El Gobierno de la Provincia volvi\u00f3 a modificar y aclarar sobre una resoluci\u00f3n anterior. Y en este caso el afectado<\/p>\n","protected":false},"author":2,"featured_media":25069,"comment_status":"open","ping_status":"open","sticky":false,"template":"","format":"standard","meta":{"footnotes":""},"categories":[24],"tags":[],"class_list":["post-25065","post","type-post","status-publish","format-standard","has-post-thumbnail","hentry","category-noticias-destacadas"],"cc_featured_image_caption":{"caption_text":"","source_text":"","source_url":""},"_links":{"self":[{"href":"https:\/\/todoapulmon-rafaela.com\/index.php\/wp-json\/wp\/v2\/posts\/25065"}],"collection":[{"href":"https:\/\/todoapulmon-rafaela.com\/index.php\/wp-json\/wp\/v2\/posts"}],"about":[{"href":"https:\/\/todoapulmon-rafaela.com\/index.php\/wp-json\/wp\/v2\/types\/post"}],"author":[{"embeddable":true,"href":"https:\/\/todoapulmon-rafaela.com\/index.php\/wp-json\/wp\/v2\/users\/2"}],"replies":[{"embeddable":true,"href":"https:\/\/todoapulmon-rafaela.com\/index.php\/wp-json\/wp\/v2\/comments?post=25065"}],"version-history":[{"count":2,"href":"https:\/\/todoapulmon-rafaela.com\/index.php\/wp-json\/wp\/v2\/posts\/25065\/revisions"}],"predecessor-version":[{"id":25070,"href":"https:\/\/todoapulmon-rafaela.com\/index.php\/wp-json\/wp\/v2\/posts\/25065\/revisions\/25070"}],"wp:featuredmedia":[{"embeddable":true,"href":"https:\/\/todoapulmon-rafaela.com\/index.php\/wp-json\/wp\/v2\/media\/25069"}],"wp:attachment":[{"href":"https:\/\/todoapulmon-rafaela.com\/index.php\/wp-json\/wp\/v2\/media?parent=25065"}],"wp:term":[{"taxonomy":"category","embeddable":true,"href":"https:\/\/todoapulmon-rafaela.com\/index.php\/wp-json\/wp\/v2\/categories?post=25065"},{"taxonomy":"post_tag","embeddable":true,"href":"https:\/\/todoapulmon-rafaela.com\/index.php\/wp-json\/wp\/v2\/tags?post=25065"}],"curies":[{"name":"wp","href":"https:\/\/api.w.org\/{rel}","templated":true}]}}