{"id":25061,"date":"2021-05-09T02:55:29","date_gmt":"2021-05-09T02:55:29","guid":{"rendered":"https:\/\/todoapulmon-rafaela.com\/?p=25061"},"modified":"2021-05-09T02:55:29","modified_gmt":"2021-05-09T02:55:29","slug":"los-gimnasios-comunican-que-abriran-el-lunes","status":"publish","type":"post","link":"https:\/\/todoapulmon-rafaela.com\/index.php\/2021\/05\/09\/los-gimnasios-comunican-que-abriran-el-lunes\/","title":{"rendered":"Los gimnasios comunican que abrir\u00e1n el lunes"},"content":{"rendered":"<p>Este s\u00e1bado por la noche desde Gimnasios Agrupados Rafaela nos hicieron llegar un comunicado en el que se informa que el lunes los gimnasios estar\u00e1n abriendo normalmente sus puertas, tras lo dispuesto en una reuni\u00f3n con sus pares de Santa Fe y Rosario, m\u00e1s all\u00e1 del decreto conocido hoy por la ma\u00f1ana por parte del gobierno provincial.<\/p>\n<p>En nuestra ciudad, la c\u00e1mara en Rafaela nuclea a aproximadamente 50 gimnasios o centros de entrenamientos.<\/p>\n<p>Este es el comunicado:<\/p>\n<p>\u00abDespu\u00e9s de dos horas de reuni\u00f3n entre la Comisi\u00f3n Directiva de la C\u00e1mara de Gimnasios de Santa Fe, conjuntamente con la C\u00e1mara de Gimnasios de Rosario y Gimnasios Agrupados de Rafaela, con el asesoramiento de un abogado, se resolvi\u00f3 por unanimidad que:<\/p>\n<p>El pr\u00f3ximo lunes 10\/05 todos los gimnasios abriremos las puertas con normalidad en repudio al decreto que arbitrariamente nos impide nuestro derecho a trabajar en pos de la salud de nuestros alumnos, coartando adem\u00e1s nuestro sustento!<\/p>\n<p>Sabi\u00e9ndose sobradamente los beneficios que conlleva la actividad f\u00edsica en las personas.<\/p>\n<p>Y en segundo t\u00e9rmino, el martes 11 se realizar\u00e1 una marcha de protesta, convocando a medios de comunicaci\u00f3n, gimnasios afines, alumnos y dem\u00e1s en protesta a estas medidas, en calle San Luis y Bv. G\u00e1lvez (Santa Fe)\u00bb.<\/p>\n<div style=\"width: 480px;\" class=\"wp-video\"><!--[if lt IE 9]><script>document.createElement('video');<\/script><![endif]-->\n<video class=\"wp-video-shortcode\" id=\"video-25061-1\" width=\"480\" height=\"480\" preload=\"metadata\" controls=\"controls\"><source type=\"video\/mp4\" src=\"https:\/\/todoapulmon-rafaela.com\/wp-content\/uploads\/2021\/05\/VID-20210508-WA00091.mp4?_=1\" \/><a href=\"https:\/\/todoapulmon-rafaela.com\/wp-content\/uploads\/2021\/05\/VID-20210508-WA00091.mp4\">https:\/\/todoapulmon-rafaela.com\/wp-content\/uploads\/2021\/05\/VID-20210508-WA00091.mp4<\/a><\/video><\/div>\n","protected":false},"excerpt":{"rendered":"<p>Este s\u00e1bado por la noche desde Gimnasios Agrupados Rafaela nos hicieron llegar un comunicado en el que se informa que<\/p>\n","protected":false},"author":2,"featured_media":25062,"comment_status":"open","ping_status":"open","sticky":false,"template":"","format":"standard","meta":{"footnotes":""},"categories":[24],"tags":[],"class_list":["post-25061","post","type-post","status-publish","format-standard","has-post-thumbnail","hentry","category-noticias-destacadas"],"cc_featured_image_caption":{"caption_text":"","source_text":"","source_url":""},"_links":{"self":[{"href":"https:\/\/todoapulmon-rafaela.com\/index.php\/wp-json\/wp\/v2\/posts\/25061"}],"collection":[{"href":"https:\/\/todoapulmon-rafaela.com\/index.php\/wp-json\/wp\/v2\/posts"}],"about":[{"href":"https:\/\/todoapulmon-rafaela.com\/index.php\/wp-json\/wp\/v2\/types\/post"}],"author":[{"embeddable":true,"href":"https:\/\/todoapulmon-rafaela.com\/index.php\/wp-json\/wp\/v2\/users\/2"}],"replies":[{"embeddable":true,"href":"https:\/\/todoapulmon-rafaela.com\/index.php\/wp-json\/wp\/v2\/comments?post=25061"}],"version-history":[{"count":1,"href":"https:\/\/todoapulmon-rafaela.com\/index.php\/wp-json\/wp\/v2\/posts\/25061\/revisions"}],"predecessor-version":[{"id":25064,"href":"https:\/\/todoapulmon-rafaela.com\/index.php\/wp-json\/wp\/v2\/posts\/25061\/revisions\/25064"}],"wp:featuredmedia":[{"embeddable":true,"href":"https:\/\/todoapulmon-rafaela.com\/index.php\/wp-json\/wp\/v2\/media\/25062"}],"wp:attachment":[{"href":"https:\/\/todoapulmon-rafaela.com\/index.php\/wp-json\/wp\/v2\/media?parent=25061"}],"wp:term":[{"taxonomy":"category","embeddable":true,"href":"https:\/\/todoapulmon-rafaela.com\/index.php\/wp-json\/wp\/v2\/categories?post=25061"},{"taxonomy":"post_tag","embeddable":true,"href":"https:\/\/todoapulmon-rafaela.com\/index.php\/wp-json\/wp\/v2\/tags?post=25061"}],"curies":[{"name":"wp","href":"https:\/\/api.w.org\/{rel}","templated":true}]}}