{"id":24843,"date":"2021-04-17T23:45:28","date_gmt":"2021-04-17T23:45:28","guid":{"rendered":"https:\/\/todoapulmon-rafaela.com\/?p=24843"},"modified":"2021-04-17T23:45:28","modified_gmt":"2021-04-17T23:45:28","slug":"crar-fue-superado-con-claridad-y-jugara-por-el-tercer-puesto","status":"publish","type":"post","link":"https:\/\/todoapulmon-rafaela.com\/index.php\/2021\/04\/17\/crar-fue-superado-con-claridad-y-jugara-por-el-tercer-puesto\/","title":{"rendered":"CRAR fue superado con claridad y jugar\u00e1 por el tercer puesto"},"content":{"rendered":"<p>El C\u00edrculo Rafaelino de Rugby perdi\u00f3 este s\u00e1bado en Sauce Viejo ante Santa Fe Rugby por 61 a 0 en uno de los partidos de la tercera y \u00faltima fecha del torneo Oficial de la Uni\u00f3n Santafesina, en la etapa clasificatoria. El Verde se encontr\u00f3 con un rival que no se guard\u00f3 nada e impuso claras diferencias.<br \/>\n\u00abNos superaron f\u00edsicamente en todos los aspectos y cuando te superan en velocidad en el contacto en la parte aer\u00f3bica ten\u00e9s m\u00e1s gente en apoyo. Evidentemente estaban mucho m\u00e1s descansados, nos anularon con rigor en todas las facetas\u00bb, mencion\u00f3 el Head Coach del Verde, Enrique L\u00f3pez Durando. Cabe recordar que CRAR jug\u00f3 el martes ante Universitario el compromiso por la segunda fecha, mientras que Santa Fe Rugby lo hab\u00eda hecho el s\u00e1bado anterior.<br \/>\nDe esta manera, Santa Fe Rugby consigui\u00f3 el primer puesto de la Zona 1 con 12 puntos, mientras que CRAR qued\u00f3 con 8 y el pr\u00f3ximo fin de semana jugar\u00e1 con Alma Juniors -en principio ser\u00eda en Esperanza- por el tercer puesto. Los esperancinos cayeron ante CRAI tambi\u00e9n de manera contundente, por 50 a 3.<br \/>\nLa formaci\u00f3n rafaelina fue la siguiente:<br \/>\n1- Juan Ghizzoni (40\u2019 Mat\u00edas Rocchi) 2- Mart\u00edn Zegaib (40\u2019 Jonatan Viotti) 3- Gast\u00f3n Zbrun (40\u2019 Daniel Esp\u00edndola); 4- Guillermo Bulacio, 5- Juan Imvinkelried; 6- Alejandro Sabelotti , 7- Gian Allasino (30\u2019 Mariano Ferrero), 8- Facundo Aimo; 9- Ricardo Brown, 10- Pablo Villar; 11- Gino Cat\u00e1n , 12- Nicol\u00e1s Imvinkelried (43\u2019 Esteban App\u00f3), 13- Franco Sabelotti , 14- Esteban Rebaudengo (30\u2019 Santiago Kerstens); 15- Mateo Villar (50\u2019 Leonardo Sabelotti).<\/p>\n","protected":false},"excerpt":{"rendered":"<p>El C\u00edrculo Rafaelino de Rugby perdi\u00f3 este s\u00e1bado en Sauce Viejo ante Santa Fe Rugby por 61 a 0 en<\/p>\n","protected":false},"author":2,"featured_media":24844,"comment_status":"open","ping_status":"open","sticky":false,"template":"","format":"standard","meta":{"footnotes":""},"categories":[24,2],"tags":[],"class_list":["post-24843","post","type-post","status-publish","format-standard","has-post-thumbnail","hentry","category-noticias-destacadas","category-rugby"],"cc_featured_image_caption":{"caption_text":"Foto Diario El Litoral","source_text":"","source_url":""},"_links":{"self":[{"href":"https:\/\/todoapulmon-rafaela.com\/index.php\/wp-json\/wp\/v2\/posts\/24843"}],"collection":[{"href":"https:\/\/todoapulmon-rafaela.com\/index.php\/wp-json\/wp\/v2\/posts"}],"about":[{"href":"https:\/\/todoapulmon-rafaela.com\/index.php\/wp-json\/wp\/v2\/types\/post"}],"author":[{"embeddable":true,"href":"https:\/\/todoapulmon-rafaela.com\/index.php\/wp-json\/wp\/v2\/users\/2"}],"replies":[{"embeddable":true,"href":"https:\/\/todoapulmon-rafaela.com\/index.php\/wp-json\/wp\/v2\/comments?post=24843"}],"version-history":[{"count":1,"href":"https:\/\/todoapulmon-rafaela.com\/index.php\/wp-json\/wp\/v2\/posts\/24843\/revisions"}],"predecessor-version":[{"id":24845,"href":"https:\/\/todoapulmon-rafaela.com\/index.php\/wp-json\/wp\/v2\/posts\/24843\/revisions\/24845"}],"wp:featuredmedia":[{"embeddable":true,"href":"https:\/\/todoapulmon-rafaela.com\/index.php\/wp-json\/wp\/v2\/media\/24844"}],"wp:attachment":[{"href":"https:\/\/todoapulmon-rafaela.com\/index.php\/wp-json\/wp\/v2\/media?parent=24843"}],"wp:term":[{"taxonomy":"category","embeddable":true,"href":"https:\/\/todoapulmon-rafaela.com\/index.php\/wp-json\/wp\/v2\/categories?post=24843"},{"taxonomy":"post_tag","embeddable":true,"href":"https:\/\/todoapulmon-rafaela.com\/index.php\/wp-json\/wp\/v2\/tags?post=24843"}],"curies":[{"name":"wp","href":"https:\/\/api.w.org\/{rel}","templated":true}]}}