{"id":24840,"date":"2021-04-17T20:58:36","date_gmt":"2021-04-17T20:58:36","guid":{"rendered":"https:\/\/todoapulmon-rafaela.com\/?p=24840"},"modified":"2021-04-17T20:58:36","modified_gmt":"2021-04-17T20:58:36","slug":"okon-kloster-majda-y-emmert-al-sudamericano","status":"publish","type":"post","link":"https:\/\/todoapulmon-rafaela.com\/index.php\/2021\/04\/17\/okon-kloster-majda-y-emmert-al-sudamericano\/","title":{"rendered":"Okon, kloster, Majda y Emmert al Sudamericano"},"content":{"rendered":"<div>Otra excelente noticia para el atletismo rafaelino tuvimos este s\u00e1bado, con la confirmaci\u00f3n de la CADA del equipo nacional para el Sudamericano de Mayores que se desarrollar\u00e1 en Buenos Aires del 14 al 16 de mayo.<\/div>\n<div>Dentro de la convocatoria de casi 80 atletas entre varones y damas que representar\u00e1n a nuestro pa\u00eds, estar\u00e1n tres atletas del CRAS para pruebas individuales: Abril Okon (salto en alto), Sof\u00eda Kloster y Mar\u00eda del Rosario Majda (ambas en marcha). Adem\u00e1s, en varones tambi\u00e9n fue convocado Pedro Emmert, que entrena en Buenos Aires en el Club Quir\u00f3n, para forma parte de la posta 4&#215;400.<\/div>\n<div>\n<p><strong><em>\u00abDebido a las condiciones epidemiol\u00f3gicas reinantes, se recomienda a todos los integrantes extremar los cuidados y deben saber que ser\u00e1 necesario que todos realicen un test de PCR-COVID, el d\u00eda 9 de mayo (72 horas antes del arribo al hotel), y sin tener contacto estrecho con enfermos de COVID y sin s\u00edntomas. Se solicita a las federaciones gestionar el test en sus gobiernos provinciales sin cargo.<\/em><\/strong><\/p>\n<p><strong><em>\u00a0\u00a0\u00a0\u00a0\u00a0\u00a0\u00a0\u00a0\u00a0\u00a0<\/em><\/strong>La CADA tambi\u00e9n designo a los integrantes del cuerpo t\u00e9cnico que estar\u00e1 con el equipo, debiendo se mencionar que por razones de protocolo no podr\u00e1n estar en el CENARD durante los entrenamientos y competencias ning\u00fan otra persona que no forme parte de dicho plantel, con lo cual los entrenadores personales que no formen parte del equipo t\u00e9cnico, en esta oportunidad no podr\u00e1n estar en el escenario atl\u00e9tico.<\/p>\n<p>El Jefe de Equipo ser\u00e1 el manager de CADA German Lauro, el Jefe de los Entrenadores ser\u00e1 el Lic. Carlos Visentini, y los entrenadores Sergio Alfonsini y Daniel G\u00f3mez en el \u00e1rea de lanzamientos, Walter Acosta, Luis Blanco y Javier Morillas en velocidad relevos y vallas, Carlos Visentini y Javier Benitez en el \u00e1rea de saltos, Leonardo Malgor y Fernando Diaz Sanchez en medio fondo, obst\u00e1culos, \u00a0fondo y Marcha y Daniel Manfredi en las pruebas de Combinadas. Adem\u00e1s el Grupo interdisciplinario constituido por el Dr. Dario Souto, la Kinesi\u00f3loga Romina Gonzalez y la Psic\u00f3loga Laura Talano. Todos bajo el asesoramiento del DTN Rodolfo Barizza\u00bb, inform\u00f3 la Confederaci\u00f3n Argentina.<\/p>\n<div>\n<p><strong><u>Equipo Atletismo de Mujeres<\/u><\/strong><\/p>\n<figure>\n<table class=\"zoom-out\">\n<tbody>\n<tr>\n<td class=\"\"><strong>Atleta<\/strong><\/td>\n<td class=\"\"><strong>Prueba<\/strong><\/td>\n<td class=\"\"><strong>MM2021<\/strong><\/td>\n<td class=\"\"><\/td>\n<td class=\"\"><strong><u>Entrenador<\/u><\/strong><\/td>\n<td class=\"\"><strong><u>Federaci\u00f3n<\/u><\/strong><\/td>\n<\/tr>\n<tr>\n<td class=\"\">1-Florencia Lamboglia<\/td>\n<td class=\"\">100 metros<\/td>\n<td class=\"\">11.70<\/td>\n<td class=\"\"><\/td>\n<td class=\"\">J. Morillas<\/td>\n<td class=\"\">FAM<\/td>\n<\/tr>\n<tr>\n<td class=\"\">2-Leslie Lucero<\/td>\n<td class=\"\">100 metros<\/td>\n<td class=\"\">12.12<\/td>\n<td class=\"\"><\/td>\n<td class=\"\">Paola Abrego<\/td>\n<td class=\"\">SL<\/td>\n<\/tr>\n<tr>\n<td class=\"\">-Florencia Lamboglia<\/td>\n<td class=\"\">200 metros<\/td>\n<td class=\"\">23.98<\/td>\n<td class=\"\"><\/td>\n<td class=\"\">J. Morillas<\/td>\n<td class=\"\">FAM<\/td>\n<\/tr>\n<tr>\n<td class=\"\">3-Noelia Martinez<\/td>\n<td class=\"\">200 metros<\/td>\n<td class=\"\">24.68<\/td>\n<td class=\"\"><\/td>\n<td class=\"\">D. Manfredi<\/td>\n<td class=\"\">COR<\/td>\n<\/tr>\n<tr>\n<td class=\"\">\u00a0 -Noelia Martinez<\/td>\n<td class=\"\">400 metros<\/td>\n<td class=\"\">55.49<\/td>\n<td class=\"\"><\/td>\n<td class=\"\">D. Manfredi<\/td>\n<td class=\"\">COR<\/td>\n<\/tr>\n<tr>\n<td class=\"\">4-Maria Diogo<\/td>\n<td class=\"\">400 metros<\/td>\n<td class=\"\">55.69<\/td>\n<td class=\"\"><\/td>\n<td class=\"\">H. Wedertz<\/td>\n<td class=\"\">CHU<\/td>\n<\/tr>\n<tr>\n<td class=\"\">5-Andrea Escudero<\/td>\n<td class=\"\">800 metros<\/td>\n<td class=\"\">2.07.24<\/td>\n<td class=\"\"><\/td>\n<td class=\"\">Diego Pichipil<\/td>\n<td class=\"\">RN<\/td>\n<\/tr>\n<tr>\n<td class=\"\">6-Evangenina Thomas<\/td>\n<td class=\"\">800 metros<\/td>\n<td class=\"\">2.07.54<\/td>\n<td class=\"\"><\/td>\n<td class=\"\">Ruperto Ruiz<\/td>\n<td class=\"\">CHU<\/td>\n<\/tr>\n<tr>\n<td class=\"\">7-Mariana Borelli<\/td>\n<td class=\"\">800 metros<\/td>\n<td class=\"\">2.07.52<\/td>\n<td class=\"\">Suplente<\/td>\n<td class=\"\">L. Malgor<\/td>\n<td class=\"\">BA<\/td>\n<\/tr>\n<tr>\n<td class=\"\">\u00a0\u00a0 -Mariana Borelli<\/td>\n<td class=\"\">1500 metros<\/td>\n<td class=\"\">4.21.49<\/td>\n<td class=\"\"><\/td>\n<td class=\"\">L. Malgor<\/td>\n<td class=\"\">BA<\/td>\n<\/tr>\n<tr>\n<td class=\"\">8-Micaela Levaggi<\/td>\n<td class=\"\">1500 metros<\/td>\n<td class=\"\">4.25.64<\/td>\n<td class=\"\"><\/td>\n<td class=\"\">L. Malgor<\/td>\n<td class=\"\">BA<\/td>\n<\/tr>\n<tr>\n<td class=\"\">9- Clara Baiochi<\/td>\n<td class=\"\">1500<\/td>\n<td class=\"\">4.26<\/td>\n<td class=\"\">suplente<\/td>\n<td class=\"\">P. Sanpietro<\/td>\n<td class=\"\">COR<\/td>\n<\/tr>\n<tr>\n<td class=\"\">10-Florencia Borelli<\/td>\n<td class=\"\">5000 metros<\/td>\n<td class=\"\">15.52.95<\/td>\n<td class=\"\"><\/td>\n<td class=\"\">L. Malgor<\/td>\n<td class=\"\">BA<\/td>\n<\/tr>\n<tr>\n<td class=\"\">11-Marcela Gomez<\/td>\n<td class=\"\">5000 metros<\/td>\n<td class=\"\">16.18.05<\/td>\n<td class=\"\"><\/td>\n<td class=\"\">Humberto Oliveira<\/td>\n<td class=\"\">CHA<\/td>\n<\/tr>\n<tr>\n<td class=\"\">12- Agustina Launders<\/td>\n<td class=\"\">5000 metros<\/td>\n<td class=\"\">16.48<\/td>\n<td class=\"\">Suplente<\/td>\n<td class=\"\">Fernando D\u00edaz Sanchez<\/td>\n<td class=\"\">TUC<\/td>\n<\/tr>\n<tr>\n<td class=\"\">\u00a0\u00a0\u00a0 -Marcela Gomez<\/td>\n<td class=\"\">10000 metros<\/td>\n<td class=\"\">34.31.99<\/td>\n<td class=\"\"><\/td>\n<td class=\"\">Humberto Oliveira<\/td>\n<td class=\"\">CHA<\/td>\n<\/tr>\n<tr>\n<td class=\"\">13-Chiara Mainetti<\/td>\n<td class=\"\">10000 metros<\/td>\n<td class=\"\">34.49.89<\/td>\n<td class=\"\"><\/td>\n<td class=\"\">Fernando D\u00edaz Sanchez<\/td>\n<td class=\"\">FAM<\/td>\n<\/tr>\n<tr>\n<td class=\"\">\u00a0\u00a0\u00a0 -Mar\u00eda F. Lamboglia<\/td>\n<td class=\"\">100 c\/v<\/td>\n<td class=\"\">14.03<\/td>\n<td class=\"\"><\/td>\n<td class=\"\">J. Morillas<\/td>\n<td class=\"\">FAM<\/td>\n<\/tr>\n<tr>\n<td class=\"\">14-Catalina Gonzalez<\/td>\n<td class=\"\">100 c\/v<\/td>\n<td class=\"\">14.63<\/td>\n<td class=\"\"><\/td>\n<td class=\"\">J.Morillas<\/td>\n<td class=\"\">FAM<\/td>\n<\/tr>\n<tr>\n<td class=\"\">15-Valeria Baron<\/td>\n<td class=\"\">400 c\/v<\/td>\n<td class=\"\">1.02.61<\/td>\n<td class=\"\"><\/td>\n<td class=\"\">Pugliese<\/td>\n<td class=\"\">MNS<\/td>\n<\/tr>\n<tr>\n<td class=\"\">16-Rocio Perez<\/td>\n<td class=\"\">400 c\/v<\/td>\n<td class=\"\">1.03.28<\/td>\n<td class=\"\"><\/td>\n<td class=\"\">L. Ghelfi<\/td>\n<td class=\"\">SF<\/td>\n<\/tr>\n<tr>\n<td class=\"\">17-Carolina Lozano<\/td>\n<td class=\"\">3000 c\/obst<\/td>\n<td class=\"\">9.56.61<\/td>\n<td class=\"\"><\/td>\n<td class=\"\">L. Ghelfi<\/td>\n<td class=\"\">SF<\/td>\n<\/tr>\n<tr>\n<td class=\"\">18-Belen Cassetta<\/td>\n<td class=\"\">3000 c\/obst<\/td>\n<td class=\"\">10.08.31<\/td>\n<td class=\"\"><\/td>\n<td class=\"\">L. Malgor<\/td>\n<td class=\"\">BA<\/td>\n<\/tr>\n<tr>\n<td class=\"\">Clara Baiochi<\/td>\n<td class=\"\">3000 c\/obst<\/td>\n<td class=\"\">10.18.49<\/td>\n<td class=\"\">suplente<\/td>\n<td class=\"\">PatriciaSampietro<\/td>\n<td class=\"\">COR<\/td>\n<\/tr>\n<tr>\n<td class=\"\">19-Maria Majda<\/td>\n<td class=\"\">20000 marcha<\/td>\n<td class=\"\">1.57.22.48<\/td>\n<td class=\"\"><\/td>\n<td class=\"\">A. Magallanes<\/td>\n<td class=\"\">SF<\/td>\n<\/tr>\n<tr>\n<td class=\"\">20-Sofia Kloster<\/td>\n<td class=\"\">20000 marcha<\/td>\n<td class=\"\"><\/td>\n<td class=\"\"><\/td>\n<td class=\"\">A. Magallanes<\/td>\n<td class=\"\">SF<\/td>\n<\/tr>\n<tr>\n<td class=\"\">21-Abril Okon<\/td>\n<td class=\"\">Salto en alto<\/td>\n<td class=\"\">1.75<\/td>\n<td class=\"\"><\/td>\n<td class=\"\">L. Bonamino<\/td>\n<td class=\"\">SF<\/td>\n<\/tr>\n<tr>\n<td class=\"\">22-Macarena Sparza<\/td>\n<td class=\"\">Salto en alto<\/td>\n<td class=\"\">1.68<\/td>\n<td class=\"\"><\/td>\n<td class=\"\">Santiago Vlec<\/td>\n<td class=\"\">SF<\/td>\n<\/tr>\n<tr>\n<td class=\"\">23-Luciana Gomez Iriondo<\/td>\n<td class=\"\">S. con garrocha<\/td>\n<td class=\"\">4.07<\/td>\n<td class=\"\"><\/td>\n<td class=\"\">M. Troncoso<\/td>\n<td class=\"\">SF<\/td>\n<\/tr>\n<tr>\n<td class=\"\">24-Valeria Chiaraviglio<\/td>\n<td class=\"\">S. con garrocha<\/td>\n<td class=\"\">3.80<\/td>\n<td class=\"\"><\/td>\n<td class=\"\">J. Benitez<\/td>\n<td class=\"\">SF<\/td>\n<\/tr>\n<tr>\n<td class=\"\">25-Andrea Ubiedo<\/td>\n<td class=\"\">Salto en largo<\/td>\n<td class=\"\">5.98<\/td>\n<td class=\"\"><\/td>\n<td class=\"\">F. Acha<\/td>\n<td class=\"\">BA<\/td>\n<\/tr>\n<tr>\n<td class=\"\">26-Belen Carrazan<\/td>\n<td class=\"\">Salto en largo<\/td>\n<td class=\"\">5.69<\/td>\n<td class=\"\"><\/td>\n<td class=\"\">Visentini-Diaz<\/td>\n<td class=\"\">SAL<\/td>\n<\/tr>\n<tr>\n<td class=\"\">27-Silvina Ocampo<\/td>\n<td class=\"\">Salto triple<\/td>\n<td class=\"\">12.99<\/td>\n<td class=\"\"><\/td>\n<td class=\"\">D. Bravo<\/td>\n<td class=\"\">BA<\/td>\n<\/tr>\n<tr>\n<td class=\"\">28-Indiana Holgado<\/td>\n<td class=\"\">Salto triple<\/td>\n<td class=\"\">12.41<\/td>\n<td class=\"\"><\/td>\n<td class=\"\">F. Acha<\/td>\n<td class=\"\">BA<\/td>\n<\/tr>\n<tr>\n<td class=\"\">29-Ailen Armada<\/td>\n<td class=\"\">L. de la Bala<\/td>\n<td class=\"\">15.52<\/td>\n<td class=\"\"><\/td>\n<td class=\"\">S. Alfonsini<\/td>\n<td class=\"\">BA<\/td>\n<\/tr>\n<tr>\n<td class=\"\">30-Iara Capurro<\/td>\n<td class=\"\">L. de la Bala<\/td>\n<td class=\"\">14.41<\/td>\n<td class=\"\"><\/td>\n<td class=\"\">D. Manfredi<\/td>\n<td class=\"\">BA<\/td>\n<\/tr>\n<tr>\n<td class=\"\">\u00a0\u00a0\u00a0 -Ailen Armada<\/td>\n<td class=\"\">L. del disco<\/td>\n<td class=\"\">58.51<\/td>\n<td class=\"\"><\/td>\n<td class=\"\">S. Alfonsini<\/td>\n<td class=\"\">BA<\/td>\n<\/tr>\n<tr>\n<td class=\"\">\u00a0\u00a0 -Iara Capurro<\/td>\n<td class=\"\">L. del disco<\/td>\n<td class=\"\">54.65<\/td>\n<td class=\"\"><\/td>\n<td class=\"\">D. Manfredi<\/td>\n<td class=\"\">BA<\/td>\n<\/tr>\n<tr>\n<td class=\"\">31-Yohana Arias<\/td>\n<td class=\"\">L. de la jabalina<\/td>\n<td class=\"\">52.78<\/td>\n<td class=\"\"><\/td>\n<td class=\"\">Mauricio Villalba<\/td>\n<td class=\"\">BA<\/td>\n<\/tr>\n<tr>\n<td class=\"\">32\u2013Daniela Gomez<\/td>\n<td class=\"\">L. del martillo<\/td>\n<td class=\"\">62.89<\/td>\n<td class=\"\"><\/td>\n<td class=\"\">D. Gomez<\/td>\n<td class=\"\">FAM<\/td>\n<\/tr>\n<tr>\n<td class=\"\">33- Caterina Massera<\/td>\n<td class=\"\">L. del martillo<\/td>\n<td class=\"\">55.65<\/td>\n<td class=\"\">suplente<\/td>\n<td class=\"\"><\/td>\n<td class=\"\">ER<\/td>\n<\/tr>\n<tr>\n<td class=\"\">34-Paloma Garcia<\/td>\n<td class=\"\">Heptatlon<\/td>\n<td class=\"\">3457<\/td>\n<td class=\"\"><\/td>\n<td class=\"\">Joni Centeleghe<\/td>\n<td class=\"\">BA<\/td>\n<\/tr>\n<tr>\n<td class=\"\">4 x 100: Florencia Lamboglia- Noelia Martinez- Leslie Lucero 35-Bel\u00e9n Fritzsche BA- Catalina Gonzalez- 4 x 400:\u00a0 Maria Diogo- Florencia Lamboglia \u2013 36-Delfina Olivero FAM<\/td>\n<\/tr>\n<tr>\n<td class=\"\"><\/td>\n<td class=\"\"><\/td>\n<td class=\"\"><\/td>\n<td class=\"\"><\/td>\n<td class=\"\"><\/td>\n<td class=\"\"><\/td>\n<\/tr>\n<\/tbody>\n<\/table>\n<\/figure>\n<p><strong><u>Equipo Atletismo de Varones<\/u><\/strong><\/p>\n<figure>\n<table class=\"zoom-out\">\n<tbody>\n<tr>\n<td class=\"\"><strong>Atleta<\/strong><\/td>\n<td class=\"\"><strong>Prueba<\/strong><\/td>\n<td class=\"\"><strong>MM2021<\/strong><\/td>\n<td class=\"\"><strong>\u00a0<\/strong><\/td>\n<td class=\"\"><strong><u>Entrenador<\/u><\/strong><\/td>\n<td class=\"\"><strong><u>Federaci\u00f3n<\/u><\/strong><\/td>\n<\/tr>\n<tr>\n<td class=\"\">1-Franco Florio<\/td>\n<td class=\"\">100 metros<\/td>\n<td class=\"\">10.46<\/td>\n<td class=\"\"><\/td>\n<td class=\"\">I Pignataro<\/td>\n<td class=\"\">FAM<\/td>\n<\/tr>\n<tr>\n<td class=\"\">2-Agust\u00edn Pinti<\/td>\n<td class=\"\">100 metros<\/td>\n<td class=\"\">10.56<\/td>\n<td class=\"\"><\/td>\n<td class=\"\">J.Morillas<\/td>\n<td class=\"\">MZA<\/td>\n<\/tr>\n<tr>\n<td class=\"\">3-Elian Larregina<\/td>\n<td class=\"\">200 metros<\/td>\n<td class=\"\">21.14<\/td>\n<td class=\"\"><\/td>\n<td class=\"\">J. Morillas<\/td>\n<td class=\"\">BA<\/td>\n<\/tr>\n<tr>\n<td class=\"\">4-Franco Camiolo<\/td>\n<td class=\"\">200 metros<\/td>\n<td class=\"\">21.33<\/td>\n<td class=\"\"><\/td>\n<td class=\"\">Ricardo Gaviola<\/td>\n<td class=\"\">FAM<\/td>\n<\/tr>\n<tr>\n<td class=\"\">\u00a0 -Elian Larregina<\/td>\n<td class=\"\">400 metros<\/td>\n<td class=\"\">45.87<\/td>\n<td class=\"\"><\/td>\n<td class=\"\">J. Morillas<\/td>\n<td class=\"\">BA<\/td>\n<\/tr>\n<tr>\n<td class=\"\">5-Leandro Paris<\/td>\n<td class=\"\">400 metros<\/td>\n<td class=\"\">48.36<\/td>\n<td class=\"\"><\/td>\n<td class=\"\">J. Ni\u00f1o<\/td>\n<td class=\"\">SL<\/td>\n<\/tr>\n<tr>\n<td class=\"\">6- Julian Gaviola<\/td>\n<td class=\"\">800 metros<\/td>\n<td class=\"\">1.50.52<\/td>\n<td class=\"\"><\/td>\n<td class=\"\">Gaviola<\/td>\n<td class=\"\">FAM<\/td>\n<\/tr>\n<tr>\n<td class=\"\">7-Diego Lacamoire<\/td>\n<td class=\"\">800 metros<\/td>\n<td class=\"\">1.51.94<\/td>\n<td class=\"\"><\/td>\n<td class=\"\">L. Malgor<\/td>\n<td class=\"\">BA<\/td>\n<\/tr>\n<tr>\n<td class=\"\">8- Leandro Perez Lazarte<\/td>\n<td class=\"\">800 metros<\/td>\n<td class=\"\">1.53<\/td>\n<td class=\"\">suplente<\/td>\n<td class=\"\"><\/td>\n<td class=\"\">TUC<\/td>\n<\/tr>\n<tr>\n<td class=\"\">9 -Federico Bruno<\/td>\n<td class=\"\">1500 metros<\/td>\n<td class=\"\">3.38.21<\/td>\n<td class=\"\"><\/td>\n<td class=\"\">AntonioSerrano<\/td>\n<td class=\"\">ER<\/td>\n<\/tr>\n<tr>\n<td class=\"\">\u00a0\u00a0 Diego Lacamoire<\/td>\n<td class=\"\">1500 metros<\/td>\n<td class=\"\">3.41.98<\/td>\n<td class=\"\"><\/td>\n<td class=\"\">L. Malgor<\/td>\n<td class=\"\">BA<\/td>\n<\/tr>\n<tr>\n<td class=\"\">10 -Jos\u00e9 Zabala<\/td>\n<td class=\"\">1500 metros<\/td>\n<td class=\"\">3.40.87<\/td>\n<td class=\"\">Suplente<\/td>\n<td class=\"\"><\/td>\n<td class=\"\">SF<\/td>\n<\/tr>\n<tr>\n<td class=\"\">11-Julian Molina<\/td>\n<td class=\"\">5000 metros<\/td>\n<td class=\"\">13.42.21<\/td>\n<td class=\"\"><\/td>\n<td class=\"\">Crobat<\/td>\n<td class=\"\">SF<\/td>\n<\/tr>\n<tr>\n<td class=\"\">\u00a0\u00a0\u00a0\u00a0 Jose Zabala<\/td>\n<td class=\"\">5000 metros<\/td>\n<td class=\"\">13.56.16<\/td>\n<td class=\"\"><\/td>\n<td class=\"\">D. Nu\u00f1ez<\/td>\n<td class=\"\">SF<\/td>\n<\/tr>\n<tr>\n<td class=\"\">12-Fabian Manrique<\/td>\n<td class=\"\">5000 metros<\/td>\n<td class=\"\">14.21.60<\/td>\n<td class=\"\">suplente<\/td>\n<td class=\"\"><\/td>\n<td class=\"\">FAM<\/td>\n<\/tr>\n<tr>\n<td class=\"\">\u00a0\u00a0\u00a0\u00a0\u00a0 Julian Molina<\/td>\n<td class=\"\">10000 metros<\/td>\n<td class=\"\">28.33.90<\/td>\n<td class=\"\"><\/td>\n<td class=\"\">.Crobat<\/td>\n<td class=\"\">ER<\/td>\n<\/tr>\n<tr>\n<td class=\"\">13-Bernardo Maldonado<\/td>\n<td class=\"\">10000 metros<\/td>\n<td class=\"\">29.35.00<\/td>\n<td class=\"\"><\/td>\n<td class=\"\">Dario N\u00fa\u00f1ez<\/td>\n<td class=\"\">COR<\/td>\n<\/tr>\n<tr>\n<td class=\"\">14- Joaquin Arbe<\/td>\n<td class=\"\">10000 metros<\/td>\n<td class=\"\"><\/td>\n<td class=\"\">Suplente<\/td>\n<td class=\"\"><\/td>\n<td class=\"\">CHU<\/td>\n<\/tr>\n<tr>\n<td class=\"\">15-Agust\u00edn Carrera<\/td>\n<td class=\"\">110 c\/v<\/td>\n<td class=\"\">14.28<\/td>\n<td class=\"\"><\/td>\n<td class=\"\">W. Acosta<\/td>\n<td class=\"\">BA<\/td>\n<\/tr>\n<tr>\n<td class=\"\">16-Renzo Cremaschi<\/td>\n<td class=\"\">110 c\/v<\/td>\n<td class=\"\">14.45<\/td>\n<td class=\"\"><\/td>\n<td class=\"\">Miguel Leiva<\/td>\n<td class=\"\">MZA<\/td>\n<\/tr>\n<tr>\n<td class=\"\">17-Guillermo Ruggeri<\/td>\n<td class=\"\">400 c\/v<\/td>\n<td class=\"\">51.83<\/td>\n<td class=\"\"><\/td>\n<td class=\"\">C:Lopez<\/td>\n<td class=\"\"><\/td>\n<\/tr>\n<tr>\n<td class=\"\">18-Damian Moretta<\/td>\n<td class=\"\">400 c\/v<\/td>\n<td class=\"\">52.35<\/td>\n<td class=\"\"><\/td>\n<td class=\"\">J. Morillas<\/td>\n<td class=\"\">FAM<\/td>\n<\/tr>\n<tr>\n<td class=\"\">19-Bruno De Gennaro<\/td>\n<td class=\"\">400 c\/v<\/td>\n<td class=\"\">54.65<\/td>\n<td class=\"\">Suplente<\/td>\n<td class=\"\"><\/td>\n<td class=\"\">SL<\/td>\n<\/tr>\n<tr>\n<td class=\"\">20-Dylan Van der Hock<\/td>\n<td class=\"\">3000 c\/obst<\/td>\n<td class=\"\">8.57.31<\/td>\n<td class=\"\"><\/td>\n<td class=\"\">Enrique Da Costa Leite<\/td>\n<td class=\"\">ER<\/td>\n<\/tr>\n<tr>\n<td class=\"\">21-Carlos Johnson<\/td>\n<td class=\"\">3000 c\/obst<\/td>\n<td class=\"\">9.02.23<\/td>\n<td class=\"\"><\/td>\n<td class=\"\">J. Villar<\/td>\n<td class=\"\">SF<\/td>\n<\/tr>\n<tr>\n<td class=\"\">22-Juan Manuel Cano<\/td>\n<td class=\"\">20000 marcha<\/td>\n<td class=\"\"><\/td>\n<td class=\"\"><\/td>\n<td class=\"\">A.Abot<\/td>\n<td class=\"\">SDE<\/td>\n<\/tr>\n<tr>\n<td class=\"\">23-Sebastian Giuliani<\/td>\n<td class=\"\">20000 marcha<\/td>\n<td class=\"\"><\/td>\n<td class=\"\"><\/td>\n<td class=\"\">B. Mosimann<\/td>\n<td class=\"\">SFE<\/td>\n<\/tr>\n<tr>\n<td class=\"\">24-Carlos Layoy<\/td>\n<td class=\"\">Salto en alto<\/td>\n<td class=\"\">2.16<\/td>\n<td class=\"\"><\/td>\n<td class=\"\">Barizza<\/td>\n<td class=\"\">CORR<\/td>\n<\/tr>\n<tr>\n<td class=\"\">25-Tomas Ferrari<\/td>\n<td class=\"\">Salto en alto<\/td>\n<td class=\"\">2.15<\/td>\n<td class=\"\"><\/td>\n<td class=\"\">I Pignataro<\/td>\n<td class=\"\">FAM<\/td>\n<\/tr>\n<tr>\n<td class=\"\">26-German Chiaraviglio<\/td>\n<td class=\"\">S. con garrocha<\/td>\n<td class=\"\">5.60<\/td>\n<td class=\"\"><\/td>\n<td class=\"\">J. Benitez<\/td>\n<td class=\"\">SF<\/td>\n<\/tr>\n<tr>\n<td class=\"\">27-Pablo Zaffaroni<\/td>\n<td class=\"\">S. con garrocha<\/td>\n<td class=\"\">5.00<\/td>\n<td class=\"\"><\/td>\n<td class=\"\">M. Schoeder<\/td>\n<td class=\"\">ER<\/td>\n<\/tr>\n<tr>\n<td class=\"\">28-Joel do Santos<\/td>\n<td class=\"\">Salto en largo<\/td>\n<td class=\"\">7.48<\/td>\n<td class=\"\"><\/td>\n<td class=\"\">M. Fernandez<\/td>\n<td class=\"\">FAM<\/td>\n<\/tr>\n<tr>\n<td class=\"\">29-Brian Lopez<\/td>\n<td class=\"\">Salto en largo<\/td>\n<td class=\"\">7.47<\/td>\n<td class=\"\"><\/td>\n<td class=\"\">S. Vlek<\/td>\n<td class=\"\">SF<\/td>\n<\/tr>\n<tr>\n<td class=\"\">30- Maximiliano Diaz<\/td>\n<td class=\"\">Salto triple<\/td>\n<td class=\"\">16.15<\/td>\n<td class=\"\"><\/td>\n<td class=\"\">Visentini-Diaz<\/td>\n<td class=\"\">SAL<\/td>\n<\/tr>\n<tr>\n<td class=\"\">31-Federico Guerrero<\/td>\n<td class=\"\">Salto triple<\/td>\n<td class=\"\">15.37<\/td>\n<td class=\"\"><\/td>\n<td class=\"\">Visentini-Diaz<\/td>\n<td class=\"\">SAL<\/td>\n<\/tr>\n<tr>\n<td class=\"\">32-Nazareno Sassia<\/td>\n<td class=\"\">L. de la Bala<\/td>\n<td class=\"\">19.47<\/td>\n<td class=\"\"><\/td>\n<td class=\"\">S. Alfonsini<\/td>\n<td class=\"\">ER<\/td>\n<\/tr>\n<tr>\n<td class=\"\">33-Juan Carballo<\/td>\n<td class=\"\">L. de la Bala<\/td>\n<td class=\"\">19.28<\/td>\n<td class=\"\"><\/td>\n<td class=\"\">W. Armoya<\/td>\n<td class=\"\">COR<\/td>\n<\/tr>\n<tr>\n<td class=\"\">Nazareno Sassia<\/td>\n<td class=\"\">L. del disco<\/td>\n<td class=\"\">55.20<\/td>\n<td class=\"\"><\/td>\n<td class=\"\">S. Alfonsini<\/td>\n<td class=\"\">ER<\/td>\n<\/tr>\n<tr>\n<td class=\"\">34-Juan Solito<\/td>\n<td class=\"\">L. del disco<\/td>\n<td class=\"\">54.89<\/td>\n<td class=\"\"><\/td>\n<td class=\"\">D. Gomez<\/td>\n<td class=\"\">FAM<\/td>\n<\/tr>\n<tr>\n<td class=\"\">35-Agustin Osorio<\/td>\n<td class=\"\">L. de la jabalina<\/td>\n<td class=\"\">64.00<\/td>\n<td class=\"\"><\/td>\n<td class=\"\">Osorio<\/td>\n<td class=\"\">BA<\/td>\n<\/tr>\n<tr>\n<td class=\"\">36-Oscar Irades<\/td>\n<td class=\"\">L. de la jabalina<\/td>\n<td class=\"\">62.53<\/td>\n<td class=\"\"><\/td>\n<td class=\"\">Visentini-Diaz<\/td>\n<td class=\"\">SAL<\/td>\n<\/tr>\n<tr>\n<td class=\"\">37-Joaquin Gomez<\/td>\n<td class=\"\">L. del martillo<\/td>\n<td class=\"\">72.27<\/td>\n<td class=\"\"><\/td>\n<td class=\"\">D. Gomez<\/td>\n<td class=\"\">FAM<\/td>\n<\/tr>\n<tr>\n<td class=\"\">38-Julio Nobile<\/td>\n<td class=\"\">L. del martillo<\/td>\n<td class=\"\">63.24<\/td>\n<td class=\"\"><\/td>\n<td class=\"\">B. Mosimann<\/td>\n<td class=\"\">SF<\/td>\n<\/tr>\n<tr>\n<td class=\"\">39-Sebastian Pandiani<\/td>\n<td class=\"\">Decatlon<\/td>\n<td class=\"\"><\/td>\n<td class=\"\"><\/td>\n<td class=\"\">Dormich<\/td>\n<td class=\"\">ER<\/td>\n<\/tr>\n<tr>\n<td class=\"\">40-Ignacio Fontana<\/td>\n<td class=\"\">Decatlon<\/td>\n<td class=\"\">5760<\/td>\n<td class=\"\"><\/td>\n<td class=\"\">R. Gastaldi<\/td>\n<td class=\"\">SF<\/td>\n<\/tr>\n<tr>\n<td class=\"\">41-Mateo Fernandez<\/td>\n<td class=\"\">Decatlon<\/td>\n<td class=\"\">5390<\/td>\n<td class=\"\">Suplente<\/td>\n<td class=\"\">D. Manfredi<\/td>\n<td class=\"\">COR<\/td>\n<\/tr>\n<tr>\n<td class=\"\">4\u00d7100: Franco Florio- Agustin Pinti- Joel Dos Santos- Franco Camiolo- 42.Matias Fachetti \u2013 43-Alejo Patfundi 4\u00d7400: Elian Larregina- Guillermo Ruggeri-Julian Gaviola-Leandro Paris -44- Pedro Emmert-\u00a0 45-Joaquin Gomez 4 x 400 Mixta: Elian Larregina- Leandro Paris- Noelia Martinez- Andrea Escudero<\/td>\n<\/tr>\n<\/tbody>\n<\/table>\n<\/figure>\n<\/div>\n<\/div>\n","protected":false},"excerpt":{"rendered":"<p>Otra excelente noticia para el atletismo rafaelino tuvimos este s\u00e1bado, con la confirmaci\u00f3n de la CADA del equipo nacional para<\/p>\n","protected":false},"author":2,"featured_media":24842,"comment_status":"open","ping_status":"open","sticky":false,"template":"","format":"standard","meta":{"footnotes":""},"categories":[7,24],"tags":[],"class_list":["post-24840","post","type-post","status-publish","format-standard","has-post-thumbnail","hentry","category-atletismo","category-noticias-destacadas"],"cc_featured_image_caption":{"caption_text":"","source_text":"","source_url":""},"_links":{"self":[{"href":"https:\/\/todoapulmon-rafaela.com\/index.php\/wp-json\/wp\/v2\/posts\/24840"}],"collection":[{"href":"https:\/\/todoapulmon-rafaela.com\/index.php\/wp-json\/wp\/v2\/posts"}],"about":[{"href":"https:\/\/todoapulmon-rafaela.com\/index.php\/wp-json\/wp\/v2\/types\/post"}],"author":[{"embeddable":true,"href":"https:\/\/todoapulmon-rafaela.com\/index.php\/wp-json\/wp\/v2\/users\/2"}],"replies":[{"embeddable":true,"href":"https:\/\/todoapulmon-rafaela.com\/index.php\/wp-json\/wp\/v2\/comments?post=24840"}],"version-history":[{"count":1,"href":"https:\/\/todoapulmon-rafaela.com\/index.php\/wp-json\/wp\/v2\/posts\/24840\/revisions"}],"predecessor-version":[{"id":24841,"href":"https:\/\/todoapulmon-rafaela.com\/index.php\/wp-json\/wp\/v2\/posts\/24840\/revisions\/24841"}],"wp:featuredmedia":[{"embeddable":true,"href":"https:\/\/todoapulmon-rafaela.com\/index.php\/wp-json\/wp\/v2\/media\/24842"}],"wp:attachment":[{"href":"https:\/\/todoapulmon-rafaela.com\/index.php\/wp-json\/wp\/v2\/media?parent=24840"}],"wp:term":[{"taxonomy":"category","embeddable":true,"href":"https:\/\/todoapulmon-rafaela.com\/index.php\/wp-json\/wp\/v2\/categories?post=24840"},{"taxonomy":"post_tag","embeddable":true,"href":"https:\/\/todoapulmon-rafaela.com\/index.php\/wp-json\/wp\/v2\/tags?post=24840"}],"curies":[{"name":"wp","href":"https:\/\/api.w.org\/{rel}","templated":true}]}}