{"id":24802,"date":"2021-04-14T03:13:41","date_gmt":"2021-04-14T03:13:41","guid":{"rendered":"https:\/\/todoapulmon-rafaela.com\/?p=24802"},"modified":"2021-04-14T03:13:41","modified_gmt":"2021-04-14T03:13:41","slug":"crar-se-impuso-con-claridad-ante-universitario","status":"publish","type":"post","link":"https:\/\/todoapulmon-rafaela.com\/index.php\/2021\/04\/14\/crar-se-impuso-con-claridad-ante-universitario\/","title":{"rendered":"CRAR se impuso con claridad ante Universitario"},"content":{"rendered":"<p>El C\u00edrculo Rafaelino de Rugby confirm\u00f3 este martes por la noche su buen inicio de la temporada 2021, al derrotar como visitante a Universitario de Santa Fe por 37 a 19, en el cierre de la segunda fecha del Oficial \u00abFederico Caputto\u00bb de la USR, en la Zona 1.<\/p>\n<p>La escuadra dirigida por Quique L\u00f3pez Durando apoy\u00f3 cinco tries, por intermedio de Guillermo Brown, el capit\u00e1n Nicol\u00e1s Imvinkelried, Jonathan Viotti, Ricardo Brown y Pablo Villar. Adem\u00e1s, el apertura del Verde capitaliz\u00f3 dos penales y tres conversiones.<\/p>\n<p>As\u00ed, CRAR comparte el primer puesto con Santa Fe Rugby, a quien visitar\u00e1 el s\u00e1bado. Quien resulte airoso jugar\u00e1 por el t\u00edtulo con el ganador de la Zona 2.<\/p>\n<p>La formaci\u00f3n del C\u00edrculo Rafaelino fue:<\/p>\n<p>1- Matias Rochi ( 50\u2019 Ju\u00e1n Ghizzoni)<br \/>\n2- Jonathan Viotti (45\u2019 Martin Zegaib)<br \/>\n3- Daniel Esp\u00edndola (60\u2019 Ignacio Seen)<br \/>\n4- Mariano Ferrero<br \/>\n5- Juan Imvinkelried (65\u2019 Guillermo Bulacio)<br \/>\n6- Facundo Aimo<br \/>\n7- Gian Allasino (65\u2019 Alejandro Sabelotti)<br \/>\n8- Manuel Mandrile (65\u2019 Lucas Bertholt)<br \/>\n9- Ricardo Brown<br \/>\n10- Pablo Villar<br \/>\n11- Esteban Rebaudengo (50\u2019 Francisco Fuglini)<br \/>\n12- Nicol\u00e1s Imvinkelried<br \/>\n13- Guillermo Brown (35\u2019 Gino Catan)<br \/>\n14- Esteban App\u00f3<br \/>\n15- Mateo Villar.<\/p>\n","protected":false},"excerpt":{"rendered":"<p>El C\u00edrculo Rafaelino de Rugby confirm\u00f3 este martes por la noche su buen inicio de la temporada 2021, al derrotar<\/p>\n","protected":false},"author":2,"featured_media":24803,"comment_status":"open","ping_status":"open","sticky":false,"template":"","format":"standard","meta":{"footnotes":""},"categories":[24,2],"tags":[],"class_list":["post-24802","post","type-post","status-publish","format-standard","has-post-thumbnail","hentry","category-noticias-destacadas","category-rugby"],"cc_featured_image_caption":{"caption_text":"El plantel Verde previo al partido en Santa Fe. (Foto prensa CRAR).","source_text":"","source_url":""},"_links":{"self":[{"href":"https:\/\/todoapulmon-rafaela.com\/index.php\/wp-json\/wp\/v2\/posts\/24802"}],"collection":[{"href":"https:\/\/todoapulmon-rafaela.com\/index.php\/wp-json\/wp\/v2\/posts"}],"about":[{"href":"https:\/\/todoapulmon-rafaela.com\/index.php\/wp-json\/wp\/v2\/types\/post"}],"author":[{"embeddable":true,"href":"https:\/\/todoapulmon-rafaela.com\/index.php\/wp-json\/wp\/v2\/users\/2"}],"replies":[{"embeddable":true,"href":"https:\/\/todoapulmon-rafaela.com\/index.php\/wp-json\/wp\/v2\/comments?post=24802"}],"version-history":[{"count":1,"href":"https:\/\/todoapulmon-rafaela.com\/index.php\/wp-json\/wp\/v2\/posts\/24802\/revisions"}],"predecessor-version":[{"id":24804,"href":"https:\/\/todoapulmon-rafaela.com\/index.php\/wp-json\/wp\/v2\/posts\/24802\/revisions\/24804"}],"wp:featuredmedia":[{"embeddable":true,"href":"https:\/\/todoapulmon-rafaela.com\/index.php\/wp-json\/wp\/v2\/media\/24803"}],"wp:attachment":[{"href":"https:\/\/todoapulmon-rafaela.com\/index.php\/wp-json\/wp\/v2\/media?parent=24802"}],"wp:term":[{"taxonomy":"category","embeddable":true,"href":"https:\/\/todoapulmon-rafaela.com\/index.php\/wp-json\/wp\/v2\/categories?post=24802"},{"taxonomy":"post_tag","embeddable":true,"href":"https:\/\/todoapulmon-rafaela.com\/index.php\/wp-json\/wp\/v2\/tags?post=24802"}],"curies":[{"name":"wp","href":"https:\/\/api.w.org\/{rel}","templated":true}]}}