{"id":24629,"date":"2021-04-01T02:43:35","date_gmt":"2021-04-01T02:43:35","guid":{"rendered":"https:\/\/todoapulmon-rafaela.com\/?p=24629"},"modified":"2021-04-01T02:43:35","modified_gmt":"2021-04-01T02:43:35","slug":"queremos-hacer-un-llamado-de-atencion-muy-fuerte-a-la-responsabilidad-individual","status":"publish","type":"post","link":"https:\/\/todoapulmon-rafaela.com\/index.php\/2021\/04\/01\/queremos-hacer-un-llamado-de-atencion-muy-fuerte-a-la-responsabilidad-individual\/","title":{"rendered":"\u201cQueremos hacer un llamado de atenci\u00f3n muy fuerte a la responsabilidad individual\u201d"},"content":{"rendered":"<p>\u201cLo primero que hay que decir es que, en consonancia con el Gobierno provincial, vamos a continuar trabajando, por ahora, con presencialidad en las actividades p\u00fablicas. Por el momento no se van a producir restricciones horarias, ni tampoco a las actividades que ya est\u00e1n funcionando. Pero s\u00ed queremos hacer un llamado de atenci\u00f3n muy fuerte a la responsabilidad individual que se vincula con lo social\u201d; manifest\u00f3 el intendente Luis Castellano, en el marco de una conferencia de prensa que se desarroll\u00f3 este mi\u00e9rcoles, en el Sal\u00f3n Verde de la Municipalidad de Rafaela.<\/p>\n<p>Acompa\u00f1aron al mandatario local, el director del Hospital \u201cDoctor Jaime Ferr\u00e9\u201d, Diego Lanzotti; la directora regional de Salud Rafaela, Eter Senn; la secretaria de Desarrollo Humano de la Municipalidad, Myriam Villafa\u00f1e; y el subsecretario de Salud, Mart\u00edn Racca.<\/p>\n<p>Castellano resalt\u00f3 que la intenci\u00f3n es \u201cque todos sepan en qu\u00e9 situaci\u00f3n nos encontramos. Tuvimos reuniones con el Comit\u00e9 de Emergencia Departamental convocada por Alcides Calvo, en donde dialogamos con los presidentes comunales e intendentes del Departamento Castellanos sobre cada situaci\u00f3n en particular y con los equipos de salud provinciales y locales, con quienes hicimos un diagn\u00f3stico que nos llev\u00f3 al rearmado de todos los equipos para volver a trabajar sobre una situaci\u00f3n a la que vemos bastante complicada, y con un escenario diferente a lo que fue el a\u00f1o pasado\u201d.<\/p>\n<p>\u201cHoy tenemos una enorme cantidad de actividades en funcionamiento con alta circulaci\u00f3n por la ciudad, las clases en marcha, el transporte p\u00fablico en funcionamiento, actividades productivas y comerciales a pleno, apertura de bares, restaurantes y actividades nocturnas \u2013dijo. En ese marco, estamos en un per\u00edodo de crecimiento importante en los casos -todav\u00eda no geom\u00e9trico o exponencial- que nos pone en alerta\u201d.<br \/>\n\u201cEstamos entrando en una \u00e9poca en donde empiezan a descender las temperaturas, por lo cual la ventilaci\u00f3n de los espacios cerrados resulta fundamental junto con el uso de barbijo, el lavado de manos y el distanciamiento social. Hoy vivimos otra realidad. Tenemos todas las actividades en marcha. Eso nos marca la necesidad de hacer lo que nos corresponde y nos toca individualmente. Sostener esta segunda ola radica en nuestra responsabilidad individual volcada a lo comunitario y lo social\u201d; finaliz\u00f3 Castellano.<\/p>\n<p><b>La clave es la vacunaci\u00f3n<\/b><\/p>\n<p>Por su parte, Mart\u00edn Racca desarroll\u00f3 una exposici\u00f3n gr\u00e1fica y manifest\u00f3 que con la llegada de la segunda ola, \u201cno tenemos certezas porque el a\u00f1o pasado nos pas\u00f3 que ten\u00edamos un virus nuevo, no registrado en la historia de la humanidad y una poblaci\u00f3n vulnerable. Hoy, eso no pasa porque el virus circul\u00f3 durante mucho tiempo por Rafaela \u2013y sigue haci\u00e9ndolo porque tenemos tenemos circulaci\u00f3n viral todav\u00eda\u2013 y no sabemos qu\u00e9 poblaci\u00f3n vulnerable tenemos porque tenemos otras cepas nuevas, que pueden ingresar y no podemos determinar qu\u00e9 inmunidad puede generarse y qu\u00e9 poblaci\u00f3n podr\u00eda llegar a reinfectarse\u00bb.<br \/>\nEl subsecretario afirm\u00f3 que \u201cla clave de todo est\u00e1 en la vacunaci\u00f3n. Cuanto m\u00e1s gente vacunada tengamos con primeras dosis, menor ser\u00e1 el\u00a0 incremento de esta segunda ola vamos a tener\u201d.<\/p>\n<p><b>M\u00e1ximo esfuerzo<\/b><\/p>\n<p>Asimismo, Diego Lanzotti, respecto al Hospital, asegur\u00f3 que \u201cestamos viendo que estamos cerca de la duplicaci\u00f3n de internados COVID-19, respecto de la primera semana de marzo. Este incremento de la patolog\u00eda COVID-19 empieza a desplazar el recurso humano que ten\u00edamos atendiendo la patolog\u00eda general. O sea que tenemos el sistema de salud provincial, municipal y privado abocado a tres columnas: la patolog\u00eda no COVID-19 que qued\u00f3 postergada al principio de la pandemia y hoy es impostergable; la pandemia; y la vacunaci\u00f3n. Con esto quiero decir que los equipos de salud est\u00e1n hoy nuevamente sometidos a su m\u00e1ximo esfuerzo\u201d.<\/p>\n<p><b>Denunciar s\u00edntomas<\/b><\/p>\n<p>A su tiempo, Myriam Villafa\u00f1e detall\u00f3 que durante estos d\u00edas \u201cvenimos conversando sobre la l\u00ednea del 107; una l\u00ednea que ven\u00edamos utilizando. Y volvemos a recalcar que las personas que tienen dos o m\u00e1s s\u00edntomas compatibles con COVID-19 se comuniquen a este n\u00famero o para otras emergencias m\u00e9dicas. \u201d<\/p>\n<p>En cuanto a la l\u00ednea 147 \u201cRafaela Responde\u201d, explic\u00f3 que \u201cquienes deben llamar son aquellas personas que deben sacarse otras dudas luego de haber llamado al 107 para denunciar dos s\u00edntomas de COVID-19; vecinos o vecinas que tienen dudas sobre cu\u00e1ndo les toca el turno de hisopado; dudas acerca del resultado o respecto al aislamiento y protocolos -sobre todo a la poblaci\u00f3n escolar, tanto docentes como padres\u2013 ya que es una poblaci\u00f3n que tiene muchas dudas\u201d. Agreg\u00f3 que \u201cestamos capacitando a quienes trabajan en la l\u00ednea 147 para que puedan dar respuestas y no congestionar la l\u00ednea del 107\u201d.<\/p>\n<p>La secretaria mencion\u00f3 que \u201cse est\u00e1 planificando hacer detecci\u00f3n temprana de las personas que est\u00e1n en situaciones sospechosas porque vemos que no son tantas las denuncias de s\u00edntomas al 107. Por eso, pedimos a las personas que cuando tengan s\u00edntomas compatibles con COVID-19, llamen al 107 para que se les pueda hacer el hisopado al cumplirse las 72 horas\u201d .<\/p>\n<p><b>Cifras<\/b><\/p>\n<p>Finalmente, Eter Senn describi\u00f3 que \u201cla poblaci\u00f3n objetivo de la provincia es 1,2 millones de habitantes, y al d\u00eda de hoy, estamos superando estamos superando el 22% de esa poblaci\u00f3n ya vacunada\u201d.<\/p>\n<p>\u201cEn relaci\u00f3n con las vacunas recibidas en la regi\u00f3n, son 25.266 y la cantidad aplicada alcanza las 24.465. En Rafaela fueron recibidas hasta el d\u00eda de hoy 14.021 vacunas con las cual se inocularon a 8.663 adultos mayores \u2013incluidos 8 mayores de 100 a\u00f1os y 262 personas mayores de 90 a\u00f1os-. En cuanto a los docentes, 1.955 se encuentran vacunados, y el personal de salud con esquema completo: 2.460\u201d; explic\u00f3. A su vez, a\u00f1adi\u00f3 que \u201cesto no contempla solamente a los\u00a0habitantes de\u00a0 Rafaela, sino tambi\u00e9n a quienes se inscribieron pidiendo ser vacunados en nuestra ciudad\u201d.<br \/>\nSenn, dijo: \u201cCon respecto a los docentes de ense\u00f1anza obligatoria, que es la poblaci\u00f3n objetivo a vacunar en toda la regi\u00f3n, faltan inmunizar a 424 personas, y en Rafaela, ninguna. Esto quiere decir que a nivel secundario, alcanzamos el objetivo o los docentes no se inscribieron\u201d.<br \/>\n\u201cLos inscriptos para recibir la vacuna por sistema hasta 80 a\u00f1os en toda la regi\u00f3n son 535 personas y ya finalizamos. En cuanto a los de hasta 75 a\u00f1os, 2.052. Particularmente, en Rafaela no tenemos ninguna persona en esa franja porque ya estamos vacunando alrededor de los 70 a\u00f1os. Es por ello que ma\u00f1ana se recibir\u00e1n 1.200 vacunas &#8216;Sputnik V&#8217; para el Hospital destinados a la ciudad de Rafaela y 1.200 de &#8216;Astrazeneca&#8217; que ser\u00e1n distribuidas en la regi\u00f3n por el tipo de conservaci\u00f3n\u201d.<\/p>\n<p>Fuente: prensa Municipalidad de Rafaela<\/p>\n","protected":false},"excerpt":{"rendered":"<p>\u201cLo primero que hay que decir es que, en consonancia con el Gobierno provincial, vamos a continuar trabajando, por ahora,<\/p>\n","protected":false},"author":2,"featured_media":24630,"comment_status":"open","ping_status":"open","sticky":false,"template":"","format":"standard","meta":{"footnotes":""},"categories":[1],"tags":[],"class_list":["post-24629","post","type-post","status-publish","format-standard","has-post-thumbnail","hentry","category-sin-categoria"],"cc_featured_image_caption":{"caption_text":"Foto Prensa Municipalidad de Rafaela","source_text":"","source_url":""},"_links":{"self":[{"href":"https:\/\/todoapulmon-rafaela.com\/index.php\/wp-json\/wp\/v2\/posts\/24629"}],"collection":[{"href":"https:\/\/todoapulmon-rafaela.com\/index.php\/wp-json\/wp\/v2\/posts"}],"about":[{"href":"https:\/\/todoapulmon-rafaela.com\/index.php\/wp-json\/wp\/v2\/types\/post"}],"author":[{"embeddable":true,"href":"https:\/\/todoapulmon-rafaela.com\/index.php\/wp-json\/wp\/v2\/users\/2"}],"replies":[{"embeddable":true,"href":"https:\/\/todoapulmon-rafaela.com\/index.php\/wp-json\/wp\/v2\/comments?post=24629"}],"version-history":[{"count":1,"href":"https:\/\/todoapulmon-rafaela.com\/index.php\/wp-json\/wp\/v2\/posts\/24629\/revisions"}],"predecessor-version":[{"id":24631,"href":"https:\/\/todoapulmon-rafaela.com\/index.php\/wp-json\/wp\/v2\/posts\/24629\/revisions\/24631"}],"wp:featuredmedia":[{"embeddable":true,"href":"https:\/\/todoapulmon-rafaela.com\/index.php\/wp-json\/wp\/v2\/media\/24630"}],"wp:attachment":[{"href":"https:\/\/todoapulmon-rafaela.com\/index.php\/wp-json\/wp\/v2\/media?parent=24629"}],"wp:term":[{"taxonomy":"category","embeddable":true,"href":"https:\/\/todoapulmon-rafaela.com\/index.php\/wp-json\/wp\/v2\/categories?post=24629"},{"taxonomy":"post_tag","embeddable":true,"href":"https:\/\/todoapulmon-rafaela.com\/index.php\/wp-json\/wp\/v2\/tags?post=24629"}],"curies":[{"name":"wp","href":"https:\/\/api.w.org\/{rel}","templated":true}]}}