{"id":24594,"date":"2021-03-29T16:19:46","date_gmt":"2021-03-29T16:19:46","guid":{"rendered":"https:\/\/todoapulmon-rafaela.com\/?p=24594"},"modified":"2021-03-29T16:25:03","modified_gmt":"2021-03-29T16:25:03","slug":"bikers-de-nuestra-ciudad-con-muy-buen-desempeno-en-marcos-juarez","status":"publish","type":"post","link":"https:\/\/todoapulmon-rafaela.com\/index.php\/2021\/03\/29\/bikers-de-nuestra-ciudad-con-muy-buen-desempeno-en-marcos-juarez\/","title":{"rendered":"Bikers de nuestra ciudad con muy buen desempe\u00f1o en Marcos Ju\u00e1rez"},"content":{"rendered":"<p>Una muy buena cantidad de bikers de nuestra ciudad se traslad\u00f3 el domingo a Marcos Ju\u00e1rez, para tomar parte de la quinta edici\u00f3n de la carrera de Rural Bike, Nachos Bike, donde asistieron 450 ciclistas. La misma consisti\u00f3 en un recorrido de 66 kil\u00f3metros para las categor\u00edas principales de caballeros y damas, y de 44 para las restantes, mientras que tambi\u00e9n hubo un segmento para los principiantes de 22 km.<\/p>\n<p>En varones se destaca el primer puesto de Valentino Dana en juveniles; mientras que en damas hubo segundos puestos de Gisela Catt\u00e1neo en la A y de Rosal\u00eda Gentinetta en la C, entre las mejores performances. En la general de damas, Catt\u00e1neo tambi\u00e9n fue segunda, cuarta Carolina Angelo y sexta Luisina Simondi.<\/p>\n<p>Respecto a la general masculina, el mejor rafaelino fue Julio Sol\u00f3rzano en el puesto 36.<\/p>\n<p>Estas fueron las principales ubicaciones rafaelinas:<\/p>\n<p>Damas A (10 inscriptas): 2) Gisela Catt\u00e1neo en 2h 27m 18s; 4) Carolina Antelo 2h 27m 23s; 5) Luisina Simondi 2h 29m 40s; 7) Natalia Vera; 10) Sof\u00eda Peralta.<\/p>\n<p>Damas B (13 participantes): 6) Araceli Costamagna 1h 47m 16s.<\/p>\n<p>Damas C\u00a0 (10 participantes): 2) Rosal\u00eda Gentinetta 1h 42m 40s.<\/p>\n<p><img loading=\"lazy\" decoding=\"async\" class=\"alignnone size-medium wp-image-24444\" src=\"https:\/\/todoapulmon-rafaela.com\/wp-content\/uploads\/2021\/03\/Logo-Leandri-2-300x108.jpg\" alt=\"Logo Leandri 2\" width=\"300\" height=\"108\" srcset=\"https:\/\/todoapulmon-rafaela.com\/wp-content\/uploads\/2021\/03\/Logo-Leandri-2-300x108.jpg 300w, https:\/\/todoapulmon-rafaela.com\/wp-content\/uploads\/2021\/03\/Logo-Leandri-2.jpg 896w\" sizes=\"(max-width: 300px) 100vw, 300px\" \/><\/p>\n<p>Juveniles (5 participantes): 1) Valentino Dana 2h 10m 41s<\/p>\n<p>Elite (30 inscriptos): 11) Julio Sol\u00f3rzano en 2h 08m 46s; 18) Germ\u00e1n Leandri 2h 15m 17s; 19) Gonzalo Barbero 2h 15m 24s.<\/p>\n<p>Master B1(37 participantes): 13) C\u00e9sar Peralta 2h 10m 55s; 14) Juan Silva 2h 10m 59s.<\/p>\n<p>Master B2 (31 inscriptos): 17) Cristian Saccavino 2h 25m 25s<\/p>\n<p>Master C1 (21 inscriptos): 17) Jos\u00e9 Ib\u00e1\u00f1ez 2h 31m 29s.<\/p>\n<p><img loading=\"lazy\" decoding=\"async\" class=\"alignnone size-full wp-image-24443\" src=\"https:\/\/todoapulmon-rafaela.com\/wp-content\/uploads\/2021\/03\/Logo-Leandri.jpg\" alt=\"Logo Leandri\" width=\"187\" height=\"184\" \/><\/p>\n<p>Adem\u00e1s, en la categor\u00eda menores donde hubo 5 inscriptos, fue tercero Jer\u00f3nimo Castillo de la vecina localidad de Lehmann.<\/p>\n<p>Cabe acotar que Carolina Maldonado (Colonia Caroya) y Ariel Garcia (Cha\u00f1ar Ladeado) fueron los ganadores de la general.<\/p>\n<p>Clasificaciones completas con presencias rafaelinas en:<\/p>\n<p>LINK <a class=\"oajrlxb2 g5ia77u1 qu0x051f esr5mh6w e9989ue4 r7d6kgcz rq0escxv nhd2j8a9 nc684nl6 p7hjln8o kvgmc6g5 cxmmr5t8 oygrvhab hcukyx3x jb3vyjys rz4wbd8a qt6c0cv9 a8nywdso i1ao9s8h esuyzwwr f1sip0of lzcic4wl py34i1dx gpro0wi8\" href=\"https:\/\/l.facebook.com\/l.php?u=https%3A%2F%2Fbit.ly%2F3w2qjtP%3Ffbclid%3DIwAR33C1tufe0R4BXQIgQ3yJfGUCDvrzb6YPyiO5Ke2_0BwIyPM_th6yjYqVk&amp;h=AT3ZdXLQKO-LnAzFjqOUzQXlGF5238ywxK4mY1ubVNHFfimO9rpOiyE7aaNwzQN_5u2xnjmPaLnq7rj2a742m5b-GVeItYy9hJ5a9cOY1ZAA-_pb2U5NWWm9elE4mK1ADPo&amp;__tn__=-UK-R&amp;c[0]=AT2K6CSUXBqotwrgVNcm9EVx4S6O-ykDJ-CFoibccQzyyrBu1CGpPZ_Gna1f63ZKULcntfaMNYefu-DBYIe8FTjJOznp2iLMoUKh4A4kXf6miv_2xJRu3lQSfTlq6L5PFmy0tUtbVA3SPZIRBs7lsGat9oQe8dZtSfhNE2duclaGL7k\" target=\"_blank\" rel=\"nofollow noopener\">https:\/\/bit.ly\/3w2qjtP<\/a><\/p>\n<p>&nbsp;<\/p>\n","protected":false},"excerpt":{"rendered":"<p>Una muy buena cantidad de bikers de nuestra ciudad se traslad\u00f3 el domingo a Marcos Ju\u00e1rez, para tomar parte de<\/p>\n","protected":false},"author":2,"featured_media":24597,"comment_status":"open","ping_status":"open","sticky":false,"template":"","format":"standard","meta":{"footnotes":""},"categories":[4,24],"tags":[],"class_list":["post-24594","post","type-post","status-publish","format-standard","has-post-thumbnail","hentry","category-ciclismo","category-noticias-destacadas"],"cc_featured_image_caption":{"caption_text":"El podio de Damas A, categor\u00eda donde fue segunda Gisela Catt\u00e1neo, cuarta Carolina Antelo y  quinta Luisina Simondi. (Foto Nachos Bike Team).","source_text":"","source_url":""},"_links":{"self":[{"href":"https:\/\/todoapulmon-rafaela.com\/index.php\/wp-json\/wp\/v2\/posts\/24594"}],"collection":[{"href":"https:\/\/todoapulmon-rafaela.com\/index.php\/wp-json\/wp\/v2\/posts"}],"about":[{"href":"https:\/\/todoapulmon-rafaela.com\/index.php\/wp-json\/wp\/v2\/types\/post"}],"author":[{"embeddable":true,"href":"https:\/\/todoapulmon-rafaela.com\/index.php\/wp-json\/wp\/v2\/users\/2"}],"replies":[{"embeddable":true,"href":"https:\/\/todoapulmon-rafaela.com\/index.php\/wp-json\/wp\/v2\/comments?post=24594"}],"version-history":[{"count":4,"href":"https:\/\/todoapulmon-rafaela.com\/index.php\/wp-json\/wp\/v2\/posts\/24594\/revisions"}],"predecessor-version":[{"id":24600,"href":"https:\/\/todoapulmon-rafaela.com\/index.php\/wp-json\/wp\/v2\/posts\/24594\/revisions\/24600"}],"wp:featuredmedia":[{"embeddable":true,"href":"https:\/\/todoapulmon-rafaela.com\/index.php\/wp-json\/wp\/v2\/media\/24597"}],"wp:attachment":[{"href":"https:\/\/todoapulmon-rafaela.com\/index.php\/wp-json\/wp\/v2\/media?parent=24594"}],"wp:term":[{"taxonomy":"category","embeddable":true,"href":"https:\/\/todoapulmon-rafaela.com\/index.php\/wp-json\/wp\/v2\/categories?post=24594"},{"taxonomy":"post_tag","embeddable":true,"href":"https:\/\/todoapulmon-rafaela.com\/index.php\/wp-json\/wp\/v2\/tags?post=24594"}],"curies":[{"name":"wp","href":"https:\/\/api.w.org\/{rel}","templated":true}]}}