{"id":24563,"date":"2021-03-28T20:39:42","date_gmt":"2021-03-28T20:39:42","guid":{"rendered":"https:\/\/todoapulmon-rafaela.com\/?p=24563"},"modified":"2021-03-28T20:42:31","modified_gmt":"2021-03-28T20:42:31","slug":"abril-okon-campeona-en-el-grand-prix","status":"publish","type":"post","link":"https:\/\/todoapulmon-rafaela.com\/index.php\/2021\/03\/28\/abril-okon-campeona-en-el-grand-prix\/","title":{"rendered":"Abril Ok\u00f3n campeona en el Grand Prix"},"content":{"rendered":"<p>La atleta rafaelina Abril Ok\u00f3n obtuvo el primer puesto en la prueba de salto en alto del Grand Prix Sudamericano \u201cHugo La Nasa\u201d, realizada este domingo en Concepci\u00f3n del Uruguay. La representante del CRAS tuvo una marca de 1m71, que consolida su gran inicio de temporada.<\/p>\n<p>La saltadora, de 16 a\u00f1os, ratific\u00f3 su condici\u00f3n de mejor exponente de la prueba a nivel nacional en todas las categor\u00edas.<\/p>\n<div style=\"width: 352px;\" class=\"wp-video\"><!--[if lt IE 9]><script>document.createElement('video');<\/script><![endif]-->\n<video class=\"wp-video-shortcode\" id=\"video-24563-1\" width=\"352\" height=\"640\" preload=\"metadata\" controls=\"controls\"><source type=\"video\/mp4\" src=\"https:\/\/todoapulmon-rafaela.com\/wp-content\/uploads\/2021\/03\/VID-20210328-WA0006.mp4?_=1\" \/><a href=\"https:\/\/todoapulmon-rafaela.com\/wp-content\/uploads\/2021\/03\/VID-20210328-WA0006.mp4\">https:\/\/todoapulmon-rafaela.com\/wp-content\/uploads\/2021\/03\/VID-20210328-WA0006.mp4<\/a><\/video><\/div>\n<p>Este domingo la competencia de salto en alto femenino tuvo a seis participantes, todas ellas de nuestro pa\u00eds. Detr\u00e1s de la entrenada por Leandro Bonamino se ubicaron Macarena Esparza, y Joaquina Dura, segunda y tercera respectivamente, con 1m68.<\/p>\n<p><img loading=\"lazy\" decoding=\"async\" class=\"alignnone size-medium wp-image-24566\" src=\"https:\/\/todoapulmon-rafaela.com\/wp-content\/uploads\/2021\/03\/IMG-20210328-WA0007-169x300.jpg\" alt=\"IMG-20210328-WA0007\" width=\"169\" height=\"300\" srcset=\"https:\/\/todoapulmon-rafaela.com\/wp-content\/uploads\/2021\/03\/IMG-20210328-WA0007-169x300.jpg 169w, https:\/\/todoapulmon-rafaela.com\/wp-content\/uploads\/2021\/03\/IMG-20210328-WA0007.jpg 720w\" sizes=\"(max-width: 169px) 100vw, 169px\" \/><\/p>\n<p>Abril, que el fin de semana anterior hab\u00eda saltado 1m75 en el Provincial de Mayores, ya con el triunfo asegurado realiz\u00f3 intentos de saltar la varilla en 1m74. Su pr\u00f3ximo gran objetivo ser\u00e1 el Nacional de Mayores, en pocos d\u00edas.<\/p>\n","protected":false},"excerpt":{"rendered":"<p>La atleta rafaelina Abril Ok\u00f3n obtuvo el primer puesto en la prueba de salto en alto del Grand Prix Sudamericano<\/p>\n","protected":false},"author":2,"featured_media":24569,"comment_status":"open","ping_status":"open","sticky":false,"template":"","format":"standard","meta":{"footnotes":""},"categories":[7,24],"tags":[],"class_list":["post-24563","post","type-post","status-publish","format-standard","has-post-thumbnail","hentry","category-atletismo","category-noticias-destacadas"],"cc_featured_image_caption":{"caption_text":"El podio con Abril Ok\u00f3n mostrando la bandera de su club. (Foto gentileza Leandro Bonamino).","source_text":"","source_url":""},"_links":{"self":[{"href":"https:\/\/todoapulmon-rafaela.com\/index.php\/wp-json\/wp\/v2\/posts\/24563"}],"collection":[{"href":"https:\/\/todoapulmon-rafaela.com\/index.php\/wp-json\/wp\/v2\/posts"}],"about":[{"href":"https:\/\/todoapulmon-rafaela.com\/index.php\/wp-json\/wp\/v2\/types\/post"}],"author":[{"embeddable":true,"href":"https:\/\/todoapulmon-rafaela.com\/index.php\/wp-json\/wp\/v2\/users\/2"}],"replies":[{"embeddable":true,"href":"https:\/\/todoapulmon-rafaela.com\/index.php\/wp-json\/wp\/v2\/comments?post=24563"}],"version-history":[{"count":1,"href":"https:\/\/todoapulmon-rafaela.com\/index.php\/wp-json\/wp\/v2\/posts\/24563\/revisions"}],"predecessor-version":[{"id":24567,"href":"https:\/\/todoapulmon-rafaela.com\/index.php\/wp-json\/wp\/v2\/posts\/24563\/revisions\/24567"}],"wp:featuredmedia":[{"embeddable":true,"href":"https:\/\/todoapulmon-rafaela.com\/index.php\/wp-json\/wp\/v2\/media\/24569"}],"wp:attachment":[{"href":"https:\/\/todoapulmon-rafaela.com\/index.php\/wp-json\/wp\/v2\/media?parent=24563"}],"wp:term":[{"taxonomy":"category","embeddable":true,"href":"https:\/\/todoapulmon-rafaela.com\/index.php\/wp-json\/wp\/v2\/categories?post=24563"},{"taxonomy":"post_tag","embeddable":true,"href":"https:\/\/todoapulmon-rafaela.com\/index.php\/wp-json\/wp\/v2\/tags?post=24563"}],"curies":[{"name":"wp","href":"https:\/\/api.w.org\/{rel}","templated":true}]}}