{"id":24411,"date":"2021-03-20T23:50:37","date_gmt":"2021-03-20T23:50:37","guid":{"rendered":"https:\/\/todoapulmon-rafaela.com\/?p=24411"},"modified":"2021-03-20T23:53:20","modified_gmt":"2021-03-20T23:53:20","slug":"ariel-magallanes-vuelta-a-la-pista-despues-de-11-anos","status":"publish","type":"post","link":"https:\/\/todoapulmon-rafaela.com\/index.php\/2021\/03\/20\/ariel-magallanes-vuelta-a-la-pista-despues-de-11-anos\/","title":{"rendered":"Ariel Magallanes vuelta a la pista, despu\u00e9s de 11 a\u00f1os"},"content":{"rendered":"<p>El Campeonato Provincial de Mayores, originalmente previsto para este s\u00e1bado en Rosario, pero postergado 24 horas debido a la lluvia, tendr\u00e1 el regreso a la competencia de Ariel Magallanes en la prueba de marcha.<\/p>\n<p>Magallanes fue integrante de la selecci\u00f3n argentina en la etapa juvenil como alumno del recordado Daniel Far\u00edas, pero r\u00e1pidamente prefiri\u00f3 volcarse a la carrera de entrenador, siendo actualmente uno de los destacados referentes como formador de atletas, y en el \u00e1mbito nacional espec\u00edficamente en cuanto a la marcha.<\/p>\n<p>La mayor parte de sus alumnos estar\u00e1n este domingo en la mencionada prueba: Sof\u00eda Kloster y Mar\u00eda del Rosario Majda en damas, y Sebasti\u00e1n Giuliani en varones.<\/p>\n<p>Recientemente este grupo estuvo realizando un entrenamiento en altura en Cachi, Salta, apuntando fundamentalmente a llegar de la mejor manera al Nacional de Mayores previsto para el mes que viene en Concepci\u00f3n del Uruguay.<\/p>\n<p>\u00abVoy a competir. Pero sin mucha aspiraciones, jaja. En realidad lo hago porque fue un comentario que le hice a Sofi el a\u00f1o pasado. Le dije que &#8216;mientras vos est\u00e9s descansando despu\u00e9s del nacional, yo voy a empezar a marchar para acompa\u00f1arte en los entrenos&#8217;. Asi que as\u00ed fue, aprovech\u00e9 que a principio de temporada Sofi marcha despacio y arrancamos. En el Mollar (primer campus del a\u00f1o) march\u00e9 , y en Cachi tambi\u00e9n. Asi que deduzco que puedo volver a completar 10 o 20km\u00bb, nos cont\u00f3 sobre esta inesperada decisi\u00f3n, pero que ha servido para distender tambi\u00e9n al grupo en este per\u00edodo previo.<\/p>\n<p>Magallanes tiene su mejor marca en\u00a044&#8217;09 hecha en el 2009, mientras que en 2010 fue su \u00faltimo a\u00f1o\u00a0competencias, marchando os\u00a010km del Nacional U20 de C\u00f3rdoba en 54&#8242;.<\/p>\n","protected":false},"excerpt":{"rendered":"<p>El Campeonato Provincial de Mayores, originalmente previsto para este s\u00e1bado en Rosario, pero postergado 24 horas debido a la lluvia,<\/p>\n","protected":false},"author":2,"featured_media":24420,"comment_status":"open","ping_status":"open","sticky":false,"template":"","format":"standard","meta":{"footnotes":""},"categories":[7,24],"tags":[],"class_list":["post-24411","post","type-post","status-publish","format-standard","has-post-thumbnail","hentry","category-atletismo","category-noticias-destacadas"],"cc_featured_image_caption":{"caption_text":"","source_text":"","source_url":""},"_links":{"self":[{"href":"https:\/\/todoapulmon-rafaela.com\/index.php\/wp-json\/wp\/v2\/posts\/24411"}],"collection":[{"href":"https:\/\/todoapulmon-rafaela.com\/index.php\/wp-json\/wp\/v2\/posts"}],"about":[{"href":"https:\/\/todoapulmon-rafaela.com\/index.php\/wp-json\/wp\/v2\/types\/post"}],"author":[{"embeddable":true,"href":"https:\/\/todoapulmon-rafaela.com\/index.php\/wp-json\/wp\/v2\/users\/2"}],"replies":[{"embeddable":true,"href":"https:\/\/todoapulmon-rafaela.com\/index.php\/wp-json\/wp\/v2\/comments?post=24411"}],"version-history":[{"count":3,"href":"https:\/\/todoapulmon-rafaela.com\/index.php\/wp-json\/wp\/v2\/posts\/24411\/revisions"}],"predecessor-version":[{"id":24421,"href":"https:\/\/todoapulmon-rafaela.com\/index.php\/wp-json\/wp\/v2\/posts\/24411\/revisions\/24421"}],"wp:featuredmedia":[{"embeddable":true,"href":"https:\/\/todoapulmon-rafaela.com\/index.php\/wp-json\/wp\/v2\/media\/24420"}],"wp:attachment":[{"href":"https:\/\/todoapulmon-rafaela.com\/index.php\/wp-json\/wp\/v2\/media?parent=24411"}],"wp:term":[{"taxonomy":"category","embeddable":true,"href":"https:\/\/todoapulmon-rafaela.com\/index.php\/wp-json\/wp\/v2\/categories?post=24411"},{"taxonomy":"post_tag","embeddable":true,"href":"https:\/\/todoapulmon-rafaela.com\/index.php\/wp-json\/wp\/v2\/tags?post=24411"}],"curies":[{"name":"wp","href":"https:\/\/api.w.org\/{rel}","templated":true}]}}