{"id":2440,"date":"2016-09-03T22:04:50","date_gmt":"2016-09-03T22:04:50","guid":{"rendered":"http:\/\/todoapulmon-rafaela.com\/?p=2440"},"modified":"2016-09-03T22:04:50","modified_gmt":"2016-09-03T22:04:50","slug":"reisch-y-lambert-a-los-evita","status":"publish","type":"post","link":"https:\/\/todoapulmon-rafaela.com\/index.php\/2016\/09\/03\/reisch-y-lambert-a-los-evita\/","title":{"rendered":"Reisch y Lambert a los Evita"},"content":{"rendered":"<p>Este s\u00e1bado se desarroll\u00f3 en el Club Ciclista de Rafaela la final provincial de mountain bike, en la categor\u00eda Sub 14, de Santa Fe Juega para buscar la clasificaci\u00f3n a los Juegos Evita que se realizar\u00e1n en Mar del Plata a fines de octubre.<\/p>\n<p>Lograron las dos plazas en juego los representantes rafaelinos, Ezequiel Reisch y Santiago Lambert, quienes sacaron una r\u00e1pida diferencia desde los primeros tramos y llegaron juntos a la meta, luego de las 8 vueltas estipuladas a un lindo circuito que fue trazado por las instalaciones del predio del Club, con largada y llegada dentro del vel\u00f3dromo.<\/p>\n<p>La clasificaci\u00f3n oficial qued\u00f3 as\u00ed: 1) Ezequiel Reisch en 34 minutos y 27 segundos, 2) Santiago Lambert (Rafaela), 3) Mat\u00edas Muller (Esperanza), 4) Ian Bernesovsky (Esperanza), 5) Tom\u00e1s Bernachea (San Lorenzo), 6) Nicol\u00e1s Barrios (Esperanza), 7) Mat\u00edas Giordano (Esperanza) y 8) Ariel Alejandro (Esperanza).<\/p>\n","protected":false},"excerpt":{"rendered":"<p>Este s\u00e1bado se desarroll\u00f3 en el Club Ciclista de Rafaela la final provincial de mountain bike, en la categor\u00eda Sub<\/p>\n","protected":false},"author":2,"featured_media":2441,"comment_status":"open","ping_status":"open","sticky":false,"template":"","format":"standard","meta":{"footnotes":""},"categories":[4,24],"tags":[],"class_list":["post-2440","post","type-post","status-publish","format-standard","has-post-thumbnail","hentry","category-ciclismo","category-noticias-destacadas"],"cc_featured_image_caption":{"caption_text":"Reisch y Lambert al frente de la prueba de esta tarde en el Club Ciclista.","source_text":"","source_url":""},"_links":{"self":[{"href":"https:\/\/todoapulmon-rafaela.com\/index.php\/wp-json\/wp\/v2\/posts\/2440"}],"collection":[{"href":"https:\/\/todoapulmon-rafaela.com\/index.php\/wp-json\/wp\/v2\/posts"}],"about":[{"href":"https:\/\/todoapulmon-rafaela.com\/index.php\/wp-json\/wp\/v2\/types\/post"}],"author":[{"embeddable":true,"href":"https:\/\/todoapulmon-rafaela.com\/index.php\/wp-json\/wp\/v2\/users\/2"}],"replies":[{"embeddable":true,"href":"https:\/\/todoapulmon-rafaela.com\/index.php\/wp-json\/wp\/v2\/comments?post=2440"}],"version-history":[{"count":1,"href":"https:\/\/todoapulmon-rafaela.com\/index.php\/wp-json\/wp\/v2\/posts\/2440\/revisions"}],"predecessor-version":[{"id":2442,"href":"https:\/\/todoapulmon-rafaela.com\/index.php\/wp-json\/wp\/v2\/posts\/2440\/revisions\/2442"}],"wp:featuredmedia":[{"embeddable":true,"href":"https:\/\/todoapulmon-rafaela.com\/index.php\/wp-json\/wp\/v2\/media\/2441"}],"wp:attachment":[{"href":"https:\/\/todoapulmon-rafaela.com\/index.php\/wp-json\/wp\/v2\/media?parent=2440"}],"wp:term":[{"taxonomy":"category","embeddable":true,"href":"https:\/\/todoapulmon-rafaela.com\/index.php\/wp-json\/wp\/v2\/categories?post=2440"},{"taxonomy":"post_tag","embeddable":true,"href":"https:\/\/todoapulmon-rafaela.com\/index.php\/wp-json\/wp\/v2\/tags?post=2440"}],"curies":[{"name":"wp","href":"https:\/\/api.w.org\/{rel}","templated":true}]}}