{"id":2434,"date":"2016-09-02T23:25:33","date_gmt":"2016-09-02T23:25:33","guid":{"rendered":"http:\/\/todoapulmon-rafaela.com\/?p=2434"},"modified":"2016-09-02T23:25:33","modified_gmt":"2016-09-02T23:25:33","slug":"bronce-para-brisa-cortesini-en-los-juegos-region-centro","status":"publish","type":"post","link":"https:\/\/todoapulmon-rafaela.com\/index.php\/2016\/09\/02\/bronce-para-brisa-cortesini-en-los-juegos-region-centro\/","title":{"rendered":"Bronce para Brisa Cortesini en los Juegos Regi\u00f3n Centro"},"content":{"rendered":"<p>Este viernes comenzaron en Santa Fe los Juegos de la Regi\u00f3n Centro, que cuenta con la presencia de delegaciones de atletas de\u00a0Santa Fe , Entre R\u00edos, C\u00f3rdoba y de la\u00a0Rep\u00fablica Oriental del Uruguay.<\/p>\n<p>En la pista del CARD, en la capital provincial, la rafaelina Brisa Cortesini obtuvo la medalla de bronce en la prueba de 80 metros llanos, subiendo al podio junto a dos representantes uruguayas. El equipo de atletismo de Santa Fe est\u00e1 conformado por diez varones y diez mujeres, entre los que se encuentra Brisa Cortesini, atleta entrenada por Ariel Magallanes en el CEF 53 de nuestra ciudad, quien este s\u00e1bado intervendr\u00e1 adem\u00e1s en la prueba de salto en largo.<\/p>\n<p>Los Juegos de Regi\u00f3n Centro se desarrollan en su s\u00e9ptima edici\u00f3n y los deportes en que se compite son\u00a0atletismo adaptado mixto,\u00a0atletismo femenino y masculino, nataci\u00f3n adaptada mixta, nataci\u00f3n\u00a0masculina y femenina, b\u00e1squet femenino, f\u00fatbol 7 femenino, gimnasia\u00a0art\u00edstica, h\u00e1ndball femenino, voley masculino, triatl\u00f3n mixto, rugby<br \/>\nfemenino y hockey masculino.<\/p>\n","protected":false},"excerpt":{"rendered":"<p>Este viernes comenzaron en Santa Fe los Juegos de la Regi\u00f3n Centro, que cuenta con la presencia de delegaciones de<\/p>\n","protected":false},"author":2,"featured_media":2435,"comment_status":"open","ping_status":"open","sticky":false,"template":"","format":"standard","meta":{"footnotes":""},"categories":[7,24],"tags":[],"class_list":["post-2434","post","type-post","status-publish","format-standard","has-post-thumbnail","hentry","category-atletismo","category-noticias-destacadas"],"cc_featured_image_caption":{"caption_text":"El podio de los 80 metros llanos donde Brisa Cortesini fue tercera (foto gentileza Ariel Magallanes).","source_text":"","source_url":""},"_links":{"self":[{"href":"https:\/\/todoapulmon-rafaela.com\/index.php\/wp-json\/wp\/v2\/posts\/2434"}],"collection":[{"href":"https:\/\/todoapulmon-rafaela.com\/index.php\/wp-json\/wp\/v2\/posts"}],"about":[{"href":"https:\/\/todoapulmon-rafaela.com\/index.php\/wp-json\/wp\/v2\/types\/post"}],"author":[{"embeddable":true,"href":"https:\/\/todoapulmon-rafaela.com\/index.php\/wp-json\/wp\/v2\/users\/2"}],"replies":[{"embeddable":true,"href":"https:\/\/todoapulmon-rafaela.com\/index.php\/wp-json\/wp\/v2\/comments?post=2434"}],"version-history":[{"count":1,"href":"https:\/\/todoapulmon-rafaela.com\/index.php\/wp-json\/wp\/v2\/posts\/2434\/revisions"}],"predecessor-version":[{"id":2436,"href":"https:\/\/todoapulmon-rafaela.com\/index.php\/wp-json\/wp\/v2\/posts\/2434\/revisions\/2436"}],"wp:featuredmedia":[{"embeddable":true,"href":"https:\/\/todoapulmon-rafaela.com\/index.php\/wp-json\/wp\/v2\/media\/2435"}],"wp:attachment":[{"href":"https:\/\/todoapulmon-rafaela.com\/index.php\/wp-json\/wp\/v2\/media?parent=2434"}],"wp:term":[{"taxonomy":"category","embeddable":true,"href":"https:\/\/todoapulmon-rafaela.com\/index.php\/wp-json\/wp\/v2\/categories?post=2434"},{"taxonomy":"post_tag","embeddable":true,"href":"https:\/\/todoapulmon-rafaela.com\/index.php\/wp-json\/wp\/v2\/tags?post=2434"}],"curies":[{"name":"wp","href":"https:\/\/api.w.org\/{rel}","templated":true}]}}