{"id":24332,"date":"2021-03-15T17:28:17","date_gmt":"2021-03-15T17:28:17","guid":{"rendered":"https:\/\/todoapulmon-rafaela.com\/?p=24332"},"modified":"2021-03-15T17:29:49","modified_gmt":"2021-03-15T17:29:49","slug":"natacion-para-adultos-mayores-suma-acompanamiento","status":"publish","type":"post","link":"https:\/\/todoapulmon-rafaela.com\/index.php\/2021\/03\/15\/natacion-para-adultos-mayores-suma-acompanamiento\/","title":{"rendered":"\u201cNataci\u00f3n para adultos mayores\u201d suma acompa\u00f1amiento"},"content":{"rendered":"<p align=\"LEFT\">Iniciado el 1\u00ba de marzo de este a\u00f1o en piletas privadas, con la puesta en pr\u00e1ctica estricta de los protocolos vigentes por la pandemia, el programa \u201cNataci\u00f3n para adultos mayores\u201d sigue su marcha, ahora, con la incorporaci\u00f3n de profesores y profesoras de la Municipalidad de Rafaela.<\/p>\n<p align=\"LEFT\">El subsecretario de Deportes y Recreaci\u00f3n, Ignacio Podio, detall\u00f3 que \u201cel programa se pudo reiniciar durante el verano ya que el contexto y las disposiciones vigentes as\u00ed lo permitieron. Fue as\u00ed que nos preparamos con todos los protocolos exigidos y, junto con el trabajo de nuestro equipo de la Secretar\u00eda, pudimos desarrollar las actividades en la pileta de El Ceibo\u201d<\/p>\n<p align=\"LEFT\">El funcionario expres\u00f3 que \u201ddesde este lunes, nuestros profesores y profesoras se suman a las actividades de este programa que el Estado local viene articulando junto con los tres complejos de nataci\u00f3n privados. Es un aporte que facilita el acceso a quienes concurren, bajando costos de operatividad\u201d.<\/p>\n<p align=\"LEFT\"><b>Lugares y horarios<\/b><\/p>\n<p align=\"LEFT\">Los natatorios coordinaron d\u00edas y horarios para el desarrollo de las actividades en sus respectivas piletas, de tal manera que se puedan realizar aplicando todos los cuidados para nuestros adultos mayores.<\/p>\n<p align=\"LEFT\">El detalle es el siguiente:<\/p>\n<p align=\"LEFT\"><b>Pileta \u201cAmancay\u201d<\/b>: Martes y jueves a las 9:00; 10:00 y 11:00.<\/p>\n<p align=\"LEFT\"><b>Pileta \u201cLos Delfines<\/b>: Lunes y mi\u00e9rcoles a las 8:00; 9:00 y 10:00.<\/p>\n<p align=\"LEFT\"><b>Complejo \u201cYoga Club\u201d:<\/b>\u00a0Lunes y jueves a las 8:30; 9:30; 10:30; 15:00 y 16:00.<\/p>\n<p align=\"LEFT\">\u201cNataci\u00f3n para adultos mayores\u201d es uno de los programas que la Municipalidad, a trav\u00e9s de la Subsecretar\u00eda de Deportes y Recreaci\u00f3n, sostiene desde hace m\u00e1s de 20 a\u00f1os con el objetivo de generar un espacio saludable y de socializaci\u00f3n mediante la pr\u00e1ctica del deporte y la recreaci\u00f3n.<\/p>\n","protected":false},"excerpt":{"rendered":"<p>Iniciado el 1\u00ba de marzo de este a\u00f1o en piletas privadas, con la puesta en pr\u00e1ctica estricta de los protocolos<\/p>\n","protected":false},"author":2,"featured_media":24335,"comment_status":"open","ping_status":"open","sticky":false,"template":"","format":"standard","meta":{"footnotes":""},"categories":[26],"tags":[],"class_list":["post-24332","post","type-post","status-publish","format-standard","has-post-thumbnail","hentry","category-natacion"],"cc_featured_image_caption":{"caption_text":"Foto Prensa Municipalidad","source_text":"","source_url":""},"_links":{"self":[{"href":"https:\/\/todoapulmon-rafaela.com\/index.php\/wp-json\/wp\/v2\/posts\/24332"}],"collection":[{"href":"https:\/\/todoapulmon-rafaela.com\/index.php\/wp-json\/wp\/v2\/posts"}],"about":[{"href":"https:\/\/todoapulmon-rafaela.com\/index.php\/wp-json\/wp\/v2\/types\/post"}],"author":[{"embeddable":true,"href":"https:\/\/todoapulmon-rafaela.com\/index.php\/wp-json\/wp\/v2\/users\/2"}],"replies":[{"embeddable":true,"href":"https:\/\/todoapulmon-rafaela.com\/index.php\/wp-json\/wp\/v2\/comments?post=24332"}],"version-history":[{"count":1,"href":"https:\/\/todoapulmon-rafaela.com\/index.php\/wp-json\/wp\/v2\/posts\/24332\/revisions"}],"predecessor-version":[{"id":24334,"href":"https:\/\/todoapulmon-rafaela.com\/index.php\/wp-json\/wp\/v2\/posts\/24332\/revisions\/24334"}],"wp:featuredmedia":[{"embeddable":true,"href":"https:\/\/todoapulmon-rafaela.com\/index.php\/wp-json\/wp\/v2\/media\/24335"}],"wp:attachment":[{"href":"https:\/\/todoapulmon-rafaela.com\/index.php\/wp-json\/wp\/v2\/media?parent=24332"}],"wp:term":[{"taxonomy":"category","embeddable":true,"href":"https:\/\/todoapulmon-rafaela.com\/index.php\/wp-json\/wp\/v2\/categories?post=24332"},{"taxonomy":"post_tag","embeddable":true,"href":"https:\/\/todoapulmon-rafaela.com\/index.php\/wp-json\/wp\/v2\/tags?post=24332"}],"curies":[{"name":"wp","href":"https:\/\/api.w.org\/{rel}","templated":true}]}}