{"id":24315,"date":"2021-03-15T03:01:20","date_gmt":"2021-03-15T03:01:20","guid":{"rendered":"https:\/\/todoapulmon-rafaela.com\/?p=24315"},"modified":"2021-03-15T03:01:20","modified_gmt":"2021-03-15T03:01:20","slug":"nuevo-triunfo-de-carlos-mansilla-en-parana","status":"publish","type":"post","link":"https:\/\/todoapulmon-rafaela.com\/index.php\/2021\/03\/15\/nuevo-triunfo-de-carlos-mansilla-en-parana\/","title":{"rendered":"Nuevo triunfo de Carlos Mansilla en Paran\u00e1"},"content":{"rendered":"<p>El pedalista Carlos Mansilla volvi\u00f3 a imponerse este fin de semana en el complejo cicl\u00edstico \u00abArnoldo Sabino Pucheta\u00bb, en Paran\u00e1, donde se desarroll\u00f3 una programaci\u00f3n cicl\u00edstica para distintas categor\u00edas, que convocaron a varios ciclistas de la regi\u00f3n.<\/p>\n<p>En la prueba principal (para Masters A1, A2, B1, B2 y Elite 2) el representante del Club Ciclista de Rafaela aventaj\u00f3 a Juan Filonof y Adri\u00e1n Sirro, de la capital provincial. Maximiliano Ibarra, tambi\u00e9n del Club Ciclista, fue s\u00e9ptimo.<\/p>\n<p>Este es el detalle de las principales clasificaciones en categor\u00edas con presencia rafaelina:<\/p>\n<div dir=\"auto\">PRINCIPIANTES MTB TODO BICI<\/div>\n<div dir=\"auto\"><\/div>\n<div dir=\"auto\">1\u00b0 LEDESMA MARCELO (CRESPO)<\/div>\n<div dir=\"auto\">2\u00b0 P\u00c9REZ ESTEBAN (RAFAELA)<\/div>\n<div dir=\"auto\">2\u00b0 CONTINI ROBERTO (PARAN\u00c1)<\/div>\n<div dir=\"auto\">4\u00b0 NILSON JONATHAN (SAN BENITO)<\/div>\n<div dir=\"auto\">5\u00b0 HEIDEGGEN MAXIMILIANO (RAFAELA).<\/div>\n<div dir=\"auto\"><\/div>\n<div dir=\"auto\"><\/div>\n<div dir=\"auto\">MASTERS \u201cA2\u201d-\u201cB\u201d<\/div>\n<div dir=\"auto\">1\u00b0 MANSILLA CARLOS (RAFAELA)<\/div>\n<div dir=\"auto\">2\u00b0 FILONOF JUAN (SANTA FE)<\/div>\n<div dir=\"auto\">3\u00b0 SIRRO ADRI\u00c1N (SANTA FE)<\/div>\n<div dir=\"auto\">4\u00b0 IB\u00c1\u00d1EZ MAURO (PARANA)<\/div>\n<div dir=\"auto\">5\u00b0 COHEN MARIANO (PARANA)<\/div>\n<div dir=\"auto\">6\u00b0 MOREIRA EMILIANO (MONTE OSCURIDAD)<\/div>\n<div dir=\"auto\">7\u00ba IBARRA MAXIMILIANO (RAFAELA).<\/div>\n","protected":false},"excerpt":{"rendered":"<p>El pedalista Carlos Mansilla volvi\u00f3 a imponerse este fin de semana en el complejo cicl\u00edstico \u00abArnoldo Sabino Pucheta\u00bb, en Paran\u00e1,<\/p>\n","protected":false},"author":2,"featured_media":24316,"comment_status":"open","ping_status":"open","sticky":false,"template":"","format":"standard","meta":{"footnotes":""},"categories":[4],"tags":[],"class_list":["post-24315","post","type-post","status-publish","format-standard","has-post-thumbnail","hentry","category-ciclismo"],"cc_featured_image_caption":{"caption_text":"","source_text":"","source_url":""},"_links":{"self":[{"href":"https:\/\/todoapulmon-rafaela.com\/index.php\/wp-json\/wp\/v2\/posts\/24315"}],"collection":[{"href":"https:\/\/todoapulmon-rafaela.com\/index.php\/wp-json\/wp\/v2\/posts"}],"about":[{"href":"https:\/\/todoapulmon-rafaela.com\/index.php\/wp-json\/wp\/v2\/types\/post"}],"author":[{"embeddable":true,"href":"https:\/\/todoapulmon-rafaela.com\/index.php\/wp-json\/wp\/v2\/users\/2"}],"replies":[{"embeddable":true,"href":"https:\/\/todoapulmon-rafaela.com\/index.php\/wp-json\/wp\/v2\/comments?post=24315"}],"version-history":[{"count":1,"href":"https:\/\/todoapulmon-rafaela.com\/index.php\/wp-json\/wp\/v2\/posts\/24315\/revisions"}],"predecessor-version":[{"id":24317,"href":"https:\/\/todoapulmon-rafaela.com\/index.php\/wp-json\/wp\/v2\/posts\/24315\/revisions\/24317"}],"wp:featuredmedia":[{"embeddable":true,"href":"https:\/\/todoapulmon-rafaela.com\/index.php\/wp-json\/wp\/v2\/media\/24316"}],"wp:attachment":[{"href":"https:\/\/todoapulmon-rafaela.com\/index.php\/wp-json\/wp\/v2\/media?parent=24315"}],"wp:term":[{"taxonomy":"category","embeddable":true,"href":"https:\/\/todoapulmon-rafaela.com\/index.php\/wp-json\/wp\/v2\/categories?post=24315"},{"taxonomy":"post_tag","embeddable":true,"href":"https:\/\/todoapulmon-rafaela.com\/index.php\/wp-json\/wp\/v2\/tags?post=24315"}],"curies":[{"name":"wp","href":"https:\/\/api.w.org\/{rel}","templated":true}]}}