{"id":24226,"date":"2021-03-08T15:02:35","date_gmt":"2021-03-08T15:02:35","guid":{"rendered":"https:\/\/todoapulmon-rafaela.com\/?p=24226"},"modified":"2021-03-08T15:02:35","modified_gmt":"2021-03-08T15:02:35","slug":"la-efid-concreto-su-segunda-jornada","status":"publish","type":"post","link":"https:\/\/todoapulmon-rafaela.com\/index.php\/2021\/03\/08\/la-efid-concreto-su-segunda-jornada\/","title":{"rendered":"La EFID concret\u00f3 su segunda jornada"},"content":{"rendered":"<p lang=\"es-MX\">Este s\u00e1bado, en las instalaciones de la pileta municipal ubicada en el \u201cHogar \u2013 Granja El Ceibo\u201d, se llev\u00f3 a cabo la segunda jornada recreativa con los concurrentes a la Escuela de Formaci\u00f3n e Integraci\u00f3n Deportiva (EFID).<\/p>\n<p>La EFID lleva adelante actividades inclusivas para personas con discapacidad que se valen por s\u00ed mismas, cuesti\u00f3n que, inclusive, les permiti\u00f3 cumplir con los protocolos preventivos contra el COVID-19.<\/p>\n<p>Durante la jornada, estuvo presente la secretaria de Desarrollo Humano, Myriam Villafa\u00f1e, quien destac\u00f3 que la Municipalidad contin\u00faa \u201ctrabajando por la promoci\u00f3n de los derechos de ni\u00f1os, ni\u00f1as, adolescentes y juventudes\u201d. Asimismo, agreg\u00f3 que es \u201cuna actividad que se suma a la \u2018Unidad Ejecutora de Pol\u00edticas de Infancias y Juventudes\u201d.<\/p>\n<p>La funcionaria describi\u00f3 que \u201cse llevaron a cabo interacciones recreativas, l\u00fadicas, deportivas y juegos acu\u00e1ticos, siempre fomentando la socializaci\u00f3n, la puesta en valor del reencuentro y, teniendo en cuenta la pandemia, en \u2018burbujas\u2019 con un m\u00e1ximo de 20 personas con discapacidad\u201d.<\/p>\n<p>Finalmente, Villafa\u00f1e expres\u00f3 que \u201cya estamos coordinando todas las actividades que tenemos programadas para el resto del a\u00f1o, que se realizar\u00e1n en el Dispositivo de Abordaje Territorial, junto con la Subsecretar\u00eda de Deportes y Recreaci\u00f3n\u201d.<\/p>\n<p><span lang=\"es-MX\">Vale destacar que los participantes de esta segunda jornada recreativa lo hicieron por primera vez ya que se tuvo en cuenta la capacidad limitada establecida por protocolo.<\/span><\/p>\n<p>La jornada se concret\u00f3 con la supervisi\u00f3n de la coordinadora del \u00e1rea Discapacidad, Miriam Beltramo y la labor de profesores y profesoras que tuvieron a su cargo la diagramaci\u00f3n del circuito de acciones.<\/p>\n","protected":false},"excerpt":{"rendered":"<p>Este s\u00e1bado, en las instalaciones de la pileta municipal ubicada en el \u201cHogar \u2013 Granja El Ceibo\u201d, se llev\u00f3 a<\/p>\n","protected":false},"author":2,"featured_media":24227,"comment_status":"open","ping_status":"open","sticky":false,"template":"","format":"standard","meta":{"footnotes":""},"categories":[24],"tags":[],"class_list":["post-24226","post","type-post","status-publish","format-standard","has-post-thumbnail","hentry","category-noticias-destacadas"],"cc_featured_image_caption":{"caption_text":"Foto Prensa Municipalidad de Rafaela","source_text":"","source_url":""},"_links":{"self":[{"href":"https:\/\/todoapulmon-rafaela.com\/index.php\/wp-json\/wp\/v2\/posts\/24226"}],"collection":[{"href":"https:\/\/todoapulmon-rafaela.com\/index.php\/wp-json\/wp\/v2\/posts"}],"about":[{"href":"https:\/\/todoapulmon-rafaela.com\/index.php\/wp-json\/wp\/v2\/types\/post"}],"author":[{"embeddable":true,"href":"https:\/\/todoapulmon-rafaela.com\/index.php\/wp-json\/wp\/v2\/users\/2"}],"replies":[{"embeddable":true,"href":"https:\/\/todoapulmon-rafaela.com\/index.php\/wp-json\/wp\/v2\/comments?post=24226"}],"version-history":[{"count":1,"href":"https:\/\/todoapulmon-rafaela.com\/index.php\/wp-json\/wp\/v2\/posts\/24226\/revisions"}],"predecessor-version":[{"id":24228,"href":"https:\/\/todoapulmon-rafaela.com\/index.php\/wp-json\/wp\/v2\/posts\/24226\/revisions\/24228"}],"wp:featuredmedia":[{"embeddable":true,"href":"https:\/\/todoapulmon-rafaela.com\/index.php\/wp-json\/wp\/v2\/media\/24227"}],"wp:attachment":[{"href":"https:\/\/todoapulmon-rafaela.com\/index.php\/wp-json\/wp\/v2\/media?parent=24226"}],"wp:term":[{"taxonomy":"category","embeddable":true,"href":"https:\/\/todoapulmon-rafaela.com\/index.php\/wp-json\/wp\/v2\/categories?post=24226"},{"taxonomy":"post_tag","embeddable":true,"href":"https:\/\/todoapulmon-rafaela.com\/index.php\/wp-json\/wp\/v2\/tags?post=24226"}],"curies":[{"name":"wp","href":"https:\/\/api.w.org\/{rel}","templated":true}]}}