{"id":2406,"date":"2016-09-01T16:33:15","date_gmt":"2016-09-01T16:33:15","guid":{"rendered":"http:\/\/todoapulmon-rafaela.com\/?p=2406"},"modified":"2016-09-01T16:33:15","modified_gmt":"2016-09-01T16:33:15","slug":"se-realizo-una-nueva-charla-rumbo-a-los-21k","status":"publish","type":"post","link":"https:\/\/todoapulmon-rafaela.com\/index.php\/2016\/09\/01\/se-realizo-una-nueva-charla-rumbo-a-los-21k\/","title":{"rendered":"Se realiz\u00f3 una nueva charla rumbo a los 21K"},"content":{"rendered":"<p>Este mi\u00e9rcoles se realiz\u00f3 una de las \u00faltimas charlas que forman parte del camino de preparaci\u00f3n para el Marat\u00f3n 21K \u00abCiudad de Rafaela\u00bb, en homenaje al profesor Daniel \u00abTecla\u00bb Far\u00edas.<br \/>\nLa misma se llev\u00f3 a cabo en el Sal\u00f3n Verde del edificio municipal y estuvo a cargo de Jorge All\u00edn, un cardi\u00f3logo formado en el exterior que disert\u00f3 sobre la actividad f\u00edsica saludable y la evaluaci\u00f3n cardiovascular inicial. Adem\u00e1s, explic\u00f3 las cuestiones m\u00e9dicas a tener en cuenta previas a la carrera, durante y despu\u00e9s.<br \/>\n\u00abEl doctor nos coment\u00f3 tambi\u00e9n c\u00f3mo se incorpora el ejercicio a la humanidad entera y las ventajas de un ambiente laboral que contemple el tema del ejercicio como una forma de prevenir enfermedades y cuidar la salud. Tambi\u00e9n hizo hincapi\u00e9 en las acciones comunitarias que tienen que ver con la salud y el ejercicio, fundamentalmente para prevenir cualquier tipo de alteraciones cardiovasculares, una de las principales causas de muerte\u00bb, cont\u00f3 el subsecretario de Deportes, Sebasti\u00e1n Ballina.<br \/>\nAdem\u00e1s, referenci\u00f3 las acciones deportivas de nuestra ciudad desde este punto de vista del deporte como actividad comunitaria: \u00abTal es el caso del marat\u00f3n, Ciclovida, nataci\u00f3n para adultos, yoga en el agua. Todas actividades que mejoran las posibilidades de salud de la poblaci\u00f3n y previenen alteraciones cardiovasculares\u00bb, agreg\u00f3 el funcionario. (Fuente prensa Municipalidad).<\/p>\n","protected":false},"excerpt":{"rendered":"<p>Este mi\u00e9rcoles se realiz\u00f3 una de las \u00faltimas charlas que forman parte del camino de preparaci\u00f3n para el Marat\u00f3n 21K<\/p>\n","protected":false},"author":2,"featured_media":2407,"comment_status":"open","ping_status":"open","sticky":false,"template":"","format":"standard","meta":{"footnotes":""},"categories":[7],"tags":[],"class_list":["post-2406","post","type-post","status-publish","format-standard","has-post-thumbnail","hentry","category-atletismo"],"cc_featured_image_caption":{"caption_text":"Un momento de la disertaci\u00f3n del Dr. Allin (foto prensa Municipalidad).","source_text":"","source_url":""},"_links":{"self":[{"href":"https:\/\/todoapulmon-rafaela.com\/index.php\/wp-json\/wp\/v2\/posts\/2406"}],"collection":[{"href":"https:\/\/todoapulmon-rafaela.com\/index.php\/wp-json\/wp\/v2\/posts"}],"about":[{"href":"https:\/\/todoapulmon-rafaela.com\/index.php\/wp-json\/wp\/v2\/types\/post"}],"author":[{"embeddable":true,"href":"https:\/\/todoapulmon-rafaela.com\/index.php\/wp-json\/wp\/v2\/users\/2"}],"replies":[{"embeddable":true,"href":"https:\/\/todoapulmon-rafaela.com\/index.php\/wp-json\/wp\/v2\/comments?post=2406"}],"version-history":[{"count":1,"href":"https:\/\/todoapulmon-rafaela.com\/index.php\/wp-json\/wp\/v2\/posts\/2406\/revisions"}],"predecessor-version":[{"id":2408,"href":"https:\/\/todoapulmon-rafaela.com\/index.php\/wp-json\/wp\/v2\/posts\/2406\/revisions\/2408"}],"wp:featuredmedia":[{"embeddable":true,"href":"https:\/\/todoapulmon-rafaela.com\/index.php\/wp-json\/wp\/v2\/media\/2407"}],"wp:attachment":[{"href":"https:\/\/todoapulmon-rafaela.com\/index.php\/wp-json\/wp\/v2\/media?parent=2406"}],"wp:term":[{"taxonomy":"category","embeddable":true,"href":"https:\/\/todoapulmon-rafaela.com\/index.php\/wp-json\/wp\/v2\/categories?post=2406"},{"taxonomy":"post_tag","embeddable":true,"href":"https:\/\/todoapulmon-rafaela.com\/index.php\/wp-json\/wp\/v2\/tags?post=2406"}],"curies":[{"name":"wp","href":"https:\/\/api.w.org\/{rel}","templated":true}]}}