{"id":24059,"date":"2021-02-25T17:32:13","date_gmt":"2021-02-25T17:32:13","guid":{"rendered":"https:\/\/todoapulmon-rafaela.com\/?p=24059"},"modified":"2021-02-25T17:34:13","modified_gmt":"2021-02-25T17:34:13","slug":"se-corre-el-argentino-de-ruta-para-menores-y-juveniles-en-san-luis","status":"publish","type":"post","link":"https:\/\/todoapulmon-rafaela.com\/index.php\/2021\/02\/25\/se-corre-el-argentino-de-ruta-para-menores-y-juveniles-en-san-luis\/","title":{"rendered":"Se corre el Argentino de Ruta para menores y juveniles en San Luis"},"content":{"rendered":"<p>Este viernes comenzar\u00e1 en Potrero de los Funes, San Luis, el Campeonato Argentino de Ruta para menores y juveniles. En el mismo estar\u00e1n presentes pedalistas de nuestra ciudad.\u00a0El certamen es organizado por Federaci\u00f3n Ciclista Sanluise\u00f1a con apoyo del Gobierno provincial, a trav\u00e9s del Programa Deportes y estar\u00e1 fiscalizado por la FACPyR.<\/p>\n<p>En este tipo de campeonatos se realizan inicialmente las contrarreloj, mientras que s\u00e1bado y domingo tienen lugar las pruebas de pelot\u00f3n.<\/p>\n<p>Se estableci\u00f3 que las categor\u00edas menores competir\u00e1n en el circuito internacional Potrero de los Funes, en tanto las categor\u00edas 2003, 2004 y 2005, debutar\u00e1n este viernes con la prueba contrarreloj que ser\u00e1 Estancia Grande. Para las dos etapas restantes est\u00e1 previsto que transiten por distintas localidades del circuito serrano, como El Trapiche, El Volc\u00e1n, Juana Koslay y Potrero de los Funes.<\/p>\n<p>De la Asociaci\u00f3n Ciclista Centro Oeste Santafesino (ACCOS) estar\u00e1n participando Mart\u00edn Brizuela, Valentino Dana y Santiago Lambert, que son de Rafaela y realizar\u00e1n todos la prueba en l\u00ednea solamente; como as\u00ed tambi\u00e9n Trinidad y Alejo Betique, oriundos de Ca\u00f1ada de G\u00f3mez.<\/p>\n<p><strong>PROGRAMA DE ACTIVIDADES DEPORTIVAS:<\/strong><\/p>\n<p><strong>VIERNES 26 DE FEBRERO:<\/strong><\/p>\n<p><strong>Lugar: Circuito cercano al Estadio Juan Gilberto F\u00fanez<\/strong><\/p>\n<p>09:00\u00a0\u00a0\u00a0\u00a0\u00a0 Concentraci\u00f3n \u2013 largada y llegada:<\/p>\n<p>10:30 CRI\u00a0 \u2013 Categor\u00eda Damas\u00a0\u00a0\u00a0\u00a0\u00a0\u00a0\u00a0\u00a0\u00a0\u00a0\u00a0\u00a0\u00a0\u00a0\u00a0\u00a0\u00a0\u00a0\u00a0\u00a0\u00a0\u00a0\u00a0\u00a0\u00a0\u00a0\u00a0\u00a0\u00a0\u00a0\u00a0\u00a0\u00a0\u00a0 Clase 2005\u00a0\u00a0\u00a0\u00a0\u00a0\u00a0\u00a0\u00a0\u00a0\u00a0\u00a0\u00a0\u00a0\u00a0\u00a0\u00a0\u00a0\u00a0 \u00a0\u00a0\u00a005 Km. \u00a0\u00a0\u00a0\u00a0\u00a0\u00a0 Cupo Libre<\/p>\n<p>11:00\u00a0 CRI\u00a0 \u2013 Categor\u00eda Varones\u00a0\u00a0\u00a0\u00a0\u00a0\u00a0\u00a0\u00a0\u00a0\u00a0\u00a0 \u00a0\u00a0\u00a0\u00a0\u00a0\u00a0\u00a0\u00a0\u00a0\u00a0\u00a0\u00a0\u00a0\u00a0\u00a0\u00a0\u00a0\u00a0\u00a0\u00a0 Clase 2005\u00a0\u00a0\u00a0\u00a0\u00a0\u00a0\u00a0\u00a0\u00a0\u00a0\u00a0\u00a0\u00a0\u00a0\u00a0\u00a0\u00a0\u00a0\u00a0\u00a0\u00a0 08\u00a0 Km.\u00a0\u00a0\u00a0 Cupo Libre<\/p>\n<p>12:00\u00a0 CRI\u00a0 \u2013 Categor\u00eda Damas Junior\u00a0\u00a0\u00a0\u00a0\u00a0\u00a0\u00a0\u00a0\u00a0 \u00a0\u00a0\u00a0\u00a0\u00a0\u00a0\u00a0\u00a0\u00a0\u00a0\u00a0\u00a0 Clases 2003 \/ 2004\u00a0\u00a0\u00a0\u00a0\u00a0\u00a0\u00a0 10\u00a0 Km.\u00a0\u00a0\u00a0 Cupo Libre<\/p>\n<p>13:00\u00a0 CRI\u00a0 \u2013 Categor\u00eda Varones Junior\u00a0\u00a0\u00a0\u00a0\u00a0\u00a0\u00a0\u00a0 \u00a0\u00a0\u00a0\u00a0\u00a0\u00a0\u00a0\u00a0\u00a0\u00a0 Clases 2003 \/ 2004\u00a0\u00a0\u00a0\u00a0\u00a0\u00a0\u00a0 20\u00a0 Km.\u00a0\u00a0\u00a0 Cupo Libre<\/p>\n<p><strong>14:00 Coronaci\u00f3n<\/strong><\/p>\n<p><strong>S\u00c1BADO 27 DE FEBRERO:<\/strong><\/p>\n<p><strong>08:00 Concentraci\u00f3n \u2013 \u201cAUT\u00d3DROMO POTRERO DE LOS FUNES\u201d<\/strong><\/p>\n<p>09:00\u00a0 Prueba en L\u00ednea Categor\u00eda Damas\u00a0\u00a0\u00a0\u00a0 Clases 2007 \/ 2008 \/ 2009\u00a0\u00a0\u00a0\u00a0 Cupo Libre\u00a0\u00a0\u00a0\u00a0\u00a0\u00a0\u00a0\u00a0\u00a0 15 Km.<\/p>\n<p>10:00\u00a0 Prueba en L\u00ednea Categor\u00eda Damas\u00a0\u00a0\u00a0\u00a0\u00a0 Clases 2005 \/ 2006\u00a0\u00a0\u00a0\u00a0\u00a0\u00a0\u00a0\u00a0\u00a0\u00a0\u00a0\u00a0\u00a0\u00a0\u00a0\u00a0 Cupo Libre\u00a0\u00a0\u00a0\u00a0\u00a0\u00a0\u00a0\u00a0\u00a0 35 Km.<\/p>\n<p>11:00\u00a0 Prueba en L\u00ednea Categor\u00eda Varones\u00a0\u00a0\u00a0\u00a0 Clase\u00a0\u00a0 2008 \/ 2009\u00a0\u00a0\u00a0\u00a0\u00a0\u00a0\u00a0\u00a0\u00a0\u00a0\u00a0\u00a0\u00a0\u00a0 Cupo 7 x Asoc.\u00a0\u00a0\u00a0 15 Km.<\/p>\n<p><strong>12:00 Coronaci\u00f3n<\/strong><\/p>\n<p>15:30\u00a0 Prueba en L\u00ednea Categor\u00eda Varones\u00a0\u00a0\u00a0\u00a0 Clase 2007\u00a0\u00a0\u00a0\u00a0\u00a0\u00a0\u00a0\u00a0\u00a0\u00a0\u00a0\u00a0\u00a0\u00a0\u00a0\u00a0\u00a0\u00a0\u00a0\u00a0\u00a0\u00a0\u00a0\u00a0\u00a0\u00a0\u00a0\u00a0\u00a0 Cupo 7 x Asoc.\u00a0\u00a0 35 Km.<\/p>\n<p>16:30\u00a0 Prueba en L\u00ednea Categor\u00eda Varones\u00a0\u00a0\u00a0\u00a0 Clase 2006\u00a0\u00a0\u00a0\u00a0\u00a0\u00a0\u00a0\u00a0\u00a0\u00a0\u00a0\u00a0\u00a0\u00a0\u00a0\u00a0\u00a0\u00a0\u00a0\u00a0\u00a0\u00a0\u00a0\u00a0\u00a0\u00a0\u00a0\u00a0\u00a0 Cupo\u00a0 7 x Asoc.\u00a0 40 Km.<\/p>\n<p><strong>18:00 Coronaci\u00f3n<\/strong><\/p>\n<p><strong>DOMINGO 28 DE FEBRERO:<\/strong><\/p>\n<p><strong>08:00\u00a0\u00a0\u00a0<\/strong>\u00a0<strong>Concentraci\u00f3n \u2013 \u201cAUT\u00d3DROMO POTRERO DE LOS FUNES\u201d<\/strong><\/p>\n<p>08:30\u00a0 Prueba en L\u00ednea Categor\u00eda Damas\u00a0\u00a0\u00a0\u00a0 Junior\u00a0 2003 \/ 2004\u00a0\u00a0\u00a0\u00a0\u00a0\u00a0\u00a0\u00a0\u00a0\u00a0\u00a0\u00a0\u00a0\u00a0\u00a0\u00a0 Cupo Libre\u00a0\u00a0\u00a0\u00a0\u00a0 65 Km.<\/p>\n<p>10:30\u00a0 Prueba en L\u00ednea Categor\u00eda Varones\u00a0\u00a0\u00a0\u00a0 Clase\u00a0 2005\u00a0\u00a0\u00a0\u00a0\u00a0\u00a0\u00a0\u00a0\u00a0\u00a0\u00a0\u00a0\u00a0\u00a0\u00a0\u00a0\u00a0\u00a0\u00a0\u00a0\u00a0\u00a0\u00a0\u00a0\u00a0\u00a0\u00a0\u00a0 Cupo 7 x Asoc. 65 Km.<\/p>\n<p>13:00\u00a0 Prueba en L\u00ednea Categor\u00eda Varones\u00a0\u00a0\u00a0\u00a0 Junior 2003 \/ 2004\u00a0\u00a0\u00a0\u00a0\u00a0\u00a0\u00a0\u00a0\u00a0\u00a0\u00a0\u00a0\u00a0\u00a0\u00a0 Cupo 9 x Asoc. 95 Km.<\/p>\n<p><strong>Coronaci\u00f3n al finalizar cada prueba.<\/strong><\/p>\n","protected":false},"excerpt":{"rendered":"<p>Este viernes comenzar\u00e1 en Potrero de los Funes, San Luis, el Campeonato Argentino de Ruta para menores y juveniles. En<\/p>\n","protected":false},"author":2,"featured_media":24060,"comment_status":"open","ping_status":"open","sticky":false,"template":"","format":"standard","meta":{"footnotes":""},"categories":[4,24],"tags":[],"class_list":["post-24059","post","type-post","status-publish","format-standard","has-post-thumbnail","hentry","category-ciclismo","category-noticias-destacadas"],"cc_featured_image_caption":{"caption_text":"Santiago Lambert, uno de los protagonistas de ACCOS.","source_text":"","source_url":""},"_links":{"self":[{"href":"https:\/\/todoapulmon-rafaela.com\/index.php\/wp-json\/wp\/v2\/posts\/24059"}],"collection":[{"href":"https:\/\/todoapulmon-rafaela.com\/index.php\/wp-json\/wp\/v2\/posts"}],"about":[{"href":"https:\/\/todoapulmon-rafaela.com\/index.php\/wp-json\/wp\/v2\/types\/post"}],"author":[{"embeddable":true,"href":"https:\/\/todoapulmon-rafaela.com\/index.php\/wp-json\/wp\/v2\/users\/2"}],"replies":[{"embeddable":true,"href":"https:\/\/todoapulmon-rafaela.com\/index.php\/wp-json\/wp\/v2\/comments?post=24059"}],"version-history":[{"count":3,"href":"https:\/\/todoapulmon-rafaela.com\/index.php\/wp-json\/wp\/v2\/posts\/24059\/revisions"}],"predecessor-version":[{"id":24066,"href":"https:\/\/todoapulmon-rafaela.com\/index.php\/wp-json\/wp\/v2\/posts\/24059\/revisions\/24066"}],"wp:featuredmedia":[{"embeddable":true,"href":"https:\/\/todoapulmon-rafaela.com\/index.php\/wp-json\/wp\/v2\/media\/24060"}],"wp:attachment":[{"href":"https:\/\/todoapulmon-rafaela.com\/index.php\/wp-json\/wp\/v2\/media?parent=24059"}],"wp:term":[{"taxonomy":"category","embeddable":true,"href":"https:\/\/todoapulmon-rafaela.com\/index.php\/wp-json\/wp\/v2\/categories?post=24059"},{"taxonomy":"post_tag","embeddable":true,"href":"https:\/\/todoapulmon-rafaela.com\/index.php\/wp-json\/wp\/v2\/tags?post=24059"}],"curies":[{"name":"wp","href":"https:\/\/api.w.org\/{rel}","templated":true}]}}