{"id":24007,"date":"2021-02-21T13:22:22","date_gmt":"2021-02-21T13:22:22","guid":{"rendered":"https:\/\/todoapulmon-rafaela.com\/?p=24007"},"modified":"2021-02-21T13:22:22","modified_gmt":"2021-02-21T13:22:22","slug":"record-provincial-u18-para-abril-okon-en-santa-fe","status":"publish","type":"post","link":"https:\/\/todoapulmon-rafaela.com\/index.php\/2021\/02\/21\/record-provincial-u18-para-abril-okon-en-santa-fe\/","title":{"rendered":"R\u00e9cord Provincial U18 para Abril Ok\u00f3n en Santa Fe"},"content":{"rendered":"<p>Este s\u00e1bado en la pista del CARD en Santa Fe, la atleta rafaelina Abril Ok\u00f3n consigui\u00f3 el r\u00e9cord provincial de la categor\u00eda U18 en la prueba de salto en alto.<\/p>\n<p>En el marco del torneo Iniciaci\u00f3n II, la representante del CRAS que es entrenada por Leandro Bonamino obtuvo una marca de 1m67cm, que bati\u00f3 el anterior registro que estaba en poder de Mar\u00eda Emilia Eberhardt y Celina Harte, en esta categor\u00eda, con 1m66; desde los a\u00f1os 2002 y 2016, respectivamente.<\/p>\n<p>Abril es una atleta que realiza un amplio abanico de pruebas, incluyendo las de lanzamientos y obst\u00e1culos, con buenos registros adem\u00e1s en 100 metros con vallas.<\/p>\n<div style=\"width: 640px;\" class=\"wp-video\"><!--[if lt IE 9]><script>document.createElement('video');<\/script><![endif]-->\n<video class=\"wp-video-shortcode\" id=\"video-24007-1\" width=\"640\" height=\"352\" preload=\"metadata\" controls=\"controls\"><source type=\"video\/mp4\" src=\"https:\/\/todoapulmon-rafaela.com\/wp-content\/uploads\/2021\/02\/VID-20210220-WA00491.mp4?_=1\" \/><a href=\"https:\/\/todoapulmon-rafaela.com\/wp-content\/uploads\/2021\/02\/VID-20210220-WA00491.mp4\">https:\/\/todoapulmon-rafaela.com\/wp-content\/uploads\/2021\/02\/VID-20210220-WA00491.mp4<\/a><\/video><\/div>\n<p>Lo conseguido este fin de semana en la capital provincial es, sin dudas, un buen aliciente para los Nacionales de categor\u00edas menores previstos para el 27 y 28 de febrero, que al ser de manera virtual los atletas rafaelinos estar\u00e1n participando en la pista de Santa Fe.<\/p>\n<p>&nbsp;<\/p>\n","protected":false},"excerpt":{"rendered":"<p>Este s\u00e1bado en la pista del CARD en Santa Fe, la atleta rafaelina Abril Ok\u00f3n consigui\u00f3 el r\u00e9cord provincial de<\/p>\n","protected":false},"author":2,"featured_media":24008,"comment_status":"open","ping_status":"open","sticky":false,"template":"","format":"standard","meta":{"footnotes":""},"categories":[7,24],"tags":[],"class_list":["post-24007","post","type-post","status-publish","format-standard","has-post-thumbnail","hentry","category-atletismo","category-noticias-destacadas"],"cc_featured_image_caption":{"caption_text":"Abril Ok\u00f3n, en el medio, tuvo una marca de 1m67 en salto en alto.","source_text":"","source_url":""},"_links":{"self":[{"href":"https:\/\/todoapulmon-rafaela.com\/index.php\/wp-json\/wp\/v2\/posts\/24007"}],"collection":[{"href":"https:\/\/todoapulmon-rafaela.com\/index.php\/wp-json\/wp\/v2\/posts"}],"about":[{"href":"https:\/\/todoapulmon-rafaela.com\/index.php\/wp-json\/wp\/v2\/types\/post"}],"author":[{"embeddable":true,"href":"https:\/\/todoapulmon-rafaela.com\/index.php\/wp-json\/wp\/v2\/users\/2"}],"replies":[{"embeddable":true,"href":"https:\/\/todoapulmon-rafaela.com\/index.php\/wp-json\/wp\/v2\/comments?post=24007"}],"version-history":[{"count":1,"href":"https:\/\/todoapulmon-rafaela.com\/index.php\/wp-json\/wp\/v2\/posts\/24007\/revisions"}],"predecessor-version":[{"id":24010,"href":"https:\/\/todoapulmon-rafaela.com\/index.php\/wp-json\/wp\/v2\/posts\/24007\/revisions\/24010"}],"wp:featuredmedia":[{"embeddable":true,"href":"https:\/\/todoapulmon-rafaela.com\/index.php\/wp-json\/wp\/v2\/media\/24008"}],"wp:attachment":[{"href":"https:\/\/todoapulmon-rafaela.com\/index.php\/wp-json\/wp\/v2\/media?parent=24007"}],"wp:term":[{"taxonomy":"category","embeddable":true,"href":"https:\/\/todoapulmon-rafaela.com\/index.php\/wp-json\/wp\/v2\/categories?post=24007"},{"taxonomy":"post_tag","embeddable":true,"href":"https:\/\/todoapulmon-rafaela.com\/index.php\/wp-json\/wp\/v2\/tags?post=24007"}],"curies":[{"name":"wp","href":"https:\/\/api.w.org\/{rel}","templated":true}]}}