{"id":23976,"date":"2021-02-17T16:28:33","date_gmt":"2021-02-17T16:28:33","guid":{"rendered":"https:\/\/todoapulmon-rafaela.com\/?p=23976"},"modified":"2021-02-17T16:28:33","modified_gmt":"2021-02-17T16:28:33","slug":"la-municipalidad-sumo-una-escuelita-de-taekwondo-en-barrio-los-arces","status":"publish","type":"post","link":"https:\/\/todoapulmon-rafaela.com\/index.php\/2021\/02\/17\/la-municipalidad-sumo-una-escuelita-de-taekwondo-en-barrio-los-arces\/","title":{"rendered":"La Municipalidad sum\u00f3 una Escuelita de Taekwondo en barrio Los Arces"},"content":{"rendered":"<p lang=\"es-MX\">La Municipalidad de Rafaela sum\u00f3 a sus actividades de verano, llevadas a cabo a trav\u00e9s de las escuelitas deportivas, al taekwondo para ni\u00f1os y ni\u00f1as de 4 a 12 a\u00f1os.<\/p>\n<p lang=\"es-MX\">Las clases se llevan adelante los d\u00edas martes y jueves, de 18:15 a 19:15, en la Plaza del barrio Los Arces (Sylvestre Begnis y Operto). Es gratuita y dictada por el profesor Aldo Figueroa (Cintur\u00f3n Negro III Dan).<\/p>\n<p>\u201c<span lang=\"es-MX\">Comenzamos con la escuelita de verano de taekwondo en donde contamos con 25 chicos, aproximadamente\u201d, dijo el subsecretario de Deportes y Recreaci\u00f3n, Ignacio Podio.<\/span><\/p>\n<p>\u201c<span lang=\"es-MX\">Estamos ampliando nuestras pol\u00edticas p\u00fablicas que se enfocan al deporte y la recreaci\u00f3n en los espacios p\u00fablicos de nuestra ciudad\u201d, expres\u00f3.<\/span><\/p>\n<p lang=\"es-MX\">El funcionario destac\u00f3 que \u201ceste es un trabajo que estamos llevando adelante de manera conjunta con la comisi\u00f3n vecinal del barrio y se suma a una serie de programas que venimos concretando, no solo desde nuestra Subsecretar\u00eda, sino tambi\u00e9n en coordinaci\u00f3n con programas del Gobierno de la Provincia de Santa Fe como, por ejemplo, Verano Activo\u201d.<\/p>\n","protected":false},"excerpt":{"rendered":"<p>La Municipalidad de Rafaela sum\u00f3 a sus actividades de verano, llevadas a cabo a trav\u00e9s de las escuelitas deportivas, al<\/p>\n","protected":false},"author":2,"featured_media":23977,"comment_status":"open","ping_status":"open","sticky":false,"template":"","format":"standard","meta":{"footnotes":""},"categories":[18,24],"tags":[],"class_list":["post-23976","post","type-post","status-publish","format-standard","has-post-thumbnail","hentry","category-artes-marciales","category-noticias-destacadas"],"cc_featured_image_caption":{"caption_text":"Foto Prensa Municipalidad","source_text":"","source_url":""},"_links":{"self":[{"href":"https:\/\/todoapulmon-rafaela.com\/index.php\/wp-json\/wp\/v2\/posts\/23976"}],"collection":[{"href":"https:\/\/todoapulmon-rafaela.com\/index.php\/wp-json\/wp\/v2\/posts"}],"about":[{"href":"https:\/\/todoapulmon-rafaela.com\/index.php\/wp-json\/wp\/v2\/types\/post"}],"author":[{"embeddable":true,"href":"https:\/\/todoapulmon-rafaela.com\/index.php\/wp-json\/wp\/v2\/users\/2"}],"replies":[{"embeddable":true,"href":"https:\/\/todoapulmon-rafaela.com\/index.php\/wp-json\/wp\/v2\/comments?post=23976"}],"version-history":[{"count":1,"href":"https:\/\/todoapulmon-rafaela.com\/index.php\/wp-json\/wp\/v2\/posts\/23976\/revisions"}],"predecessor-version":[{"id":23978,"href":"https:\/\/todoapulmon-rafaela.com\/index.php\/wp-json\/wp\/v2\/posts\/23976\/revisions\/23978"}],"wp:featuredmedia":[{"embeddable":true,"href":"https:\/\/todoapulmon-rafaela.com\/index.php\/wp-json\/wp\/v2\/media\/23977"}],"wp:attachment":[{"href":"https:\/\/todoapulmon-rafaela.com\/index.php\/wp-json\/wp\/v2\/media?parent=23976"}],"wp:term":[{"taxonomy":"category","embeddable":true,"href":"https:\/\/todoapulmon-rafaela.com\/index.php\/wp-json\/wp\/v2\/categories?post=23976"},{"taxonomy":"post_tag","embeddable":true,"href":"https:\/\/todoapulmon-rafaela.com\/index.php\/wp-json\/wp\/v2\/tags?post=23976"}],"curies":[{"name":"wp","href":"https:\/\/api.w.org\/{rel}","templated":true}]}}