{"id":23948,"date":"2021-02-16T12:44:42","date_gmt":"2021-02-16T12:44:42","guid":{"rendered":"https:\/\/todoapulmon-rafaela.com\/?p=23948"},"modified":"2021-02-16T12:59:25","modified_gmt":"2021-02-16T12:59:25","slug":"buenas-performances-rafaelinas-en-el-tria-de-reconquista","status":"publish","type":"post","link":"https:\/\/todoapulmon-rafaela.com\/index.php\/2021\/02\/16\/buenas-performances-rafaelinas-en-el-tria-de-reconquista\/","title":{"rendered":"Buenas performances rafaelinas en el Tria de Reconquista"},"content":{"rendered":"<p>Este domingo se realiz\u00f3 el Triatl\u00f3n Sprint \u00abCiudad de Reconquista\u00bb. Con epicentro en el Club Ateneo N\u00e1utico de Puerto de esa ciudad del norte santafesino, el evento fue parte del Campeonato de la Federaci\u00f3n Argentina de Triatl\u00f3n.<\/p>\n<p>La prueba, bajo los protocolos sanitarios vigentes, const\u00f3 de 750 metros de nataci\u00f3n con recorrido por aguas del Riacho San Jer\u00f3nimo, 20 kil\u00f3metros de ciclismo en zona de Puerto Reconquista, Ruta A009 y Ruta Provincial N\u00b0 1, m\u00e1s 5 kil\u00f3metros de pedestrismo en zona de Puerto Reconquista y Ruta A009, contando con un buen grupo de representantes de Rafaela que tuvo meritoria performance.<\/p>\n<figure id=\"attachment_23953\" aria-describedby=\"caption-attachment-23953\" style=\"width: 300px\" class=\"wp-caption alignnone\"><img loading=\"lazy\" decoding=\"async\" class=\"size-medium wp-image-23953\" src=\"https:\/\/todoapulmon-rafaela.com\/wp-content\/uploads\/2021\/02\/Susana-Hauswirth-en-Reconquista-300x216.jpg\" alt=\"Susana Hauswirth (foto Expertime)\" width=\"300\" height=\"216\" srcset=\"https:\/\/todoapulmon-rafaela.com\/wp-content\/uploads\/2021\/02\/Susana-Hauswirth-en-Reconquista-300x216.jpg 300w, https:\/\/todoapulmon-rafaela.com\/wp-content\/uploads\/2021\/02\/Susana-Hauswirth-en-Reconquista.jpg 1798w\" sizes=\"(max-width: 300px) 100vw, 300px\" \/><figcaption id=\"caption-attachment-23953\" class=\"wp-caption-text\">Susana Hauswirth (foto Expertime)<\/figcaption><\/figure>\n<p>En la general femenina fue octava Catalina Ingaramo con un tiempo de 1h15m10s, logrando el segundo puesto en la categor\u00eda de 20 a 24 a\u00f1os; mientras que su madre Susana Hauswirth (nacida en Reconquista) fue 17\u00aa en la general con 1h23m52s (1\u00aa en Damas G), y Mariana Rabbi 21\u00aa con tiempo de 1h27m21s (4\u00aa en Damas D).<\/p>\n<figure id=\"attachment_23954\" aria-describedby=\"caption-attachment-23954\" style=\"width: 300px\" class=\"wp-caption alignnone\"><img loading=\"lazy\" decoding=\"async\" class=\"size-medium wp-image-23954\" src=\"https:\/\/todoapulmon-rafaela.com\/wp-content\/uploads\/2021\/02\/Sanmartino-en-Reconquista-300x219.jpg\" alt=\"Gustavo Sanmartino (Foto Expertime)\" width=\"300\" height=\"219\" srcset=\"https:\/\/todoapulmon-rafaela.com\/wp-content\/uploads\/2021\/02\/Sanmartino-en-Reconquista-300x219.jpg 300w, https:\/\/todoapulmon-rafaela.com\/wp-content\/uploads\/2021\/02\/Sanmartino-en-Reconquista.jpg 1812w\" sizes=\"(max-width: 300px) 100vw, 300px\" \/><figcaption id=\"caption-attachment-23954\" class=\"wp-caption-text\">Gustavo Sanmartino (Foto Expertime)<\/figcaption><\/figure>\n<figure id=\"attachment_23955\" aria-describedby=\"caption-attachment-23955\" style=\"width: 300px\" class=\"wp-caption alignnone\"><img loading=\"lazy\" decoding=\"async\" class=\"size-medium wp-image-23955\" src=\"https:\/\/todoapulmon-rafaela.com\/wp-content\/uploads\/2021\/02\/Luis-Peretti-300x225.jpg\" alt=\"Luis Peretti (foto Expertime)\" width=\"300\" height=\"225\" srcset=\"https:\/\/todoapulmon-rafaela.com\/wp-content\/uploads\/2021\/02\/Luis-Peretti-300x225.jpg 300w, https:\/\/todoapulmon-rafaela.com\/wp-content\/uploads\/2021\/02\/Luis-Peretti.jpg 2000w\" sizes=\"(max-width: 300px) 100vw, 300px\" \/><figcaption id=\"caption-attachment-23955\" class=\"wp-caption-text\">Luis Peretti (foto Expertime)<\/figcaption><\/figure>\n<p>En la general masculina, Sergio Peretti fue 36\u00ba en 1h16m28s y 1\u00ba en la categor\u00eda Caballeros I, Gustavo Sanmartino 42\u00ba en la general con 1h19m10s (7\u00ba en Caballeros F), Cristian Casciola 48\u00ba en 1h21m13s (5\u00ba en Caballeros D) y Luis Mar\u00eda Peretti 53\u00ba en 1h35m22s (3\u00ba en Caballeros H).<\/p>\n<p>Resultados completos en:<\/p>\n<p><a href=\"https:\/\/todoapulmon-rafaela.com\/wp-content\/uploads\/2021\/02\/20210214-solo-totales.pdf\" rel=\"\">20210214-solo-totales<\/a><\/p>\n","protected":false},"excerpt":{"rendered":"<p>Este domingo se realiz\u00f3 el Triatl\u00f3n Sprint \u00abCiudad de Reconquista\u00bb. Con epicentro en el Club Ateneo N\u00e1utico de Puerto de<\/p>\n","protected":false},"author":2,"featured_media":23956,"comment_status":"open","ping_status":"open","sticky":false,"template":"","format":"standard","meta":{"footnotes":""},"categories":[24,28],"tags":[],"class_list":["post-23948","post","type-post","status-publish","format-standard","has-post-thumbnail","hentry","category-noticias-destacadas","category-triatlon"],"cc_featured_image_caption":{"caption_text":"La llegada de Catalina Ingaramo, segunda en su categor\u00eda (foto Expertime).","source_text":"","source_url":""},"_links":{"self":[{"href":"https:\/\/todoapulmon-rafaela.com\/index.php\/wp-json\/wp\/v2\/posts\/23948"}],"collection":[{"href":"https:\/\/todoapulmon-rafaela.com\/index.php\/wp-json\/wp\/v2\/posts"}],"about":[{"href":"https:\/\/todoapulmon-rafaela.com\/index.php\/wp-json\/wp\/v2\/types\/post"}],"author":[{"embeddable":true,"href":"https:\/\/todoapulmon-rafaela.com\/index.php\/wp-json\/wp\/v2\/users\/2"}],"replies":[{"embeddable":true,"href":"https:\/\/todoapulmon-rafaela.com\/index.php\/wp-json\/wp\/v2\/comments?post=23948"}],"version-history":[{"count":4,"href":"https:\/\/todoapulmon-rafaela.com\/index.php\/wp-json\/wp\/v2\/posts\/23948\/revisions"}],"predecessor-version":[{"id":23960,"href":"https:\/\/todoapulmon-rafaela.com\/index.php\/wp-json\/wp\/v2\/posts\/23948\/revisions\/23960"}],"wp:featuredmedia":[{"embeddable":true,"href":"https:\/\/todoapulmon-rafaela.com\/index.php\/wp-json\/wp\/v2\/media\/23956"}],"wp:attachment":[{"href":"https:\/\/todoapulmon-rafaela.com\/index.php\/wp-json\/wp\/v2\/media?parent=23948"}],"wp:term":[{"taxonomy":"category","embeddable":true,"href":"https:\/\/todoapulmon-rafaela.com\/index.php\/wp-json\/wp\/v2\/categories?post=23948"},{"taxonomy":"post_tag","embeddable":true,"href":"https:\/\/todoapulmon-rafaela.com\/index.php\/wp-json\/wp\/v2\/tags?post=23948"}],"curies":[{"name":"wp","href":"https:\/\/api.w.org\/{rel}","templated":true}]}}