{"id":23889,"date":"2021-02-09T12:40:36","date_gmt":"2021-02-09T12:40:36","guid":{"rendered":"https:\/\/todoapulmon-rafaela.com\/?p=23889"},"modified":"2021-02-09T12:40:36","modified_gmt":"2021-02-09T12:40:36","slug":"el-calendario-tentativo-2021-en-el-atletismo-provincial","status":"publish","type":"post","link":"https:\/\/todoapulmon-rafaela.com\/index.php\/2021\/02\/09\/el-calendario-tentativo-2021-en-el-atletismo-provincial\/","title":{"rendered":"El calendario tentativo 2021 en el atletismo provincial"},"content":{"rendered":"<p>Despu\u00e9s de haber comenzado la actividad en nuestra provincia el s\u00e1bado en Rosario con el torneo Iniciaci\u00f3n, el pr\u00f3ximo s\u00e1bado se sumar\u00e1 Santa Fe, adem\u00e1s de otra programaci\u00f3n en la ciudad del sur provincial.<\/p>\n<p>Como venimos mencionando, la realizaci\u00f3n del Nacional para las categor\u00edas menores y juveniles de manera virtual a fines de febrero, determina que como preparaci\u00f3n se programen estas competencias previas necesarias para que los atletas traten de llegar de la mejor manera posible al 27\/28 de febrero.<\/p>\n<p>La Federaci\u00f3n Santafesina de Atletismo, ya envi\u00f3 un calendario tentativo en funci\u00f3n de la evoluci\u00f3n de la pandemia para el resto del a\u00f1o.<\/p>\n<p><strong>CALENDARIO 2021<\/strong><\/p>\n<p><strong>\u00a0<\/strong><\/p>\n<table>\n<tbody>\n<tr>\n<td colspan=\"4\" width=\"566\"><strong>FEBRERO<\/strong><\/td>\n<\/tr>\n<tr>\n<td colspan=\"2\" width=\"89\">6<\/td>\n<td width=\"316\">Torneo Iniciaci\u00f3n-Local<\/td>\n<td width=\"160\">Rosario<\/td>\n<\/tr>\n<tr>\n<td colspan=\"2\" width=\"89\">13<\/td>\n<td width=\"316\">Torneo Local U-16 U-18 U-20<\/td>\n<td width=\"160\">Rosario<\/td>\n<\/tr>\n<tr>\n<td colspan=\"2\" width=\"89\">13<\/td>\n<td width=\"316\">Torneo Iniciaci\u00f3n Local A<\/td>\n<td width=\"160\">Santa Fe<\/td>\n<\/tr>\n<tr>\n<td colspan=\"2\" width=\"89\">20<\/td>\n<td width=\"316\">Torneo Local B<\/td>\n<td width=\"160\">Santa Fe<\/td>\n<\/tr>\n<tr>\n<td colspan=\"2\" width=\"89\">27-28<\/td>\n<td width=\"316\"><strong>1er Nacional Virtual U16\/18\/20\/23 (edad 2020)<\/strong><\/td>\n<td width=\"160\">Simult\u00e1neamente en Rosario y Santa Fe<\/td>\n<\/tr>\n<tr>\n<td colspan=\"4\" width=\"566\"><strong>MARZO<\/strong><\/td>\n<\/tr>\n<tr>\n<td width=\"87\">6<\/td>\n<td colspan=\"2\" width=\"319\">Local A<\/td>\n<td width=\"160\">Rosario<\/td>\n<\/tr>\n<tr>\n<td width=\"87\">6<\/td>\n<td colspan=\"2\" width=\"319\">Local C<\/td>\n<td width=\"160\">Santa Fe<\/td>\n<\/tr>\n<tr>\n<td width=\"87\">13<\/td>\n<td colspan=\"2\" width=\"319\">Torneo Homenaje \u201cGuillermo Chiaraviglio\u201d<\/td>\n<td width=\"160\">Santa Fe<\/td>\n<\/tr>\n<tr>\n<td width=\"87\">20<\/td>\n<td colspan=\"2\" width=\"319\">Provincial de Mayores<\/td>\n<td width=\"160\">Rosario<\/td>\n<\/tr>\n<tr>\n<td colspan=\"4\" width=\"566\"><strong>ABRIL<\/strong><\/td>\n<\/tr>\n<tr>\n<td colspan=\"2\" width=\"89\">3<\/td>\n<td width=\"316\">Torneo Local A<\/td>\n<td width=\"160\">Rosario<\/td>\n<\/tr>\n<tr>\n<td colspan=\"2\" width=\"89\">4<\/td>\n<td width=\"316\">Torneo Local D<\/td>\n<td width=\"160\">Santa Fe<\/td>\n<\/tr>\n<tr>\n<td colspan=\"2\" width=\"89\">17<\/td>\n<td width=\"316\">Provincial de U-20<\/td>\n<td width=\"160\">Santa Fe<\/td>\n<\/tr>\n<tr>\n<td colspan=\"2\" width=\"89\">24<\/td>\n<td width=\"316\">Torneo Local B<\/td>\n<td width=\"160\">Rosario<\/td>\n<\/tr>\n<tr>\n<td colspan=\"4\" width=\"566\"><strong>MAYO<\/strong><\/td>\n<\/tr>\n<tr>\n<td colspan=\"2\" width=\"89\">8<\/td>\n<td width=\"316\">Local A<\/td>\n<td width=\"160\">Rosario<\/td>\n<\/tr>\n<tr>\n<td colspan=\"2\" width=\"89\">8<\/td>\n<td width=\"316\">Local D<\/td>\n<td width=\"160\">Santa Fe<\/td>\n<\/tr>\n<tr>\n<td colspan=\"2\" width=\"89\">22<\/td>\n<td width=\"316\">Local A<\/td>\n<td width=\"160\">Santa Fe<\/td>\n<\/tr>\n<tr>\n<td colspan=\"2\" width=\"89\">29<\/td>\n<td width=\"316\">Local B<\/td>\n<td width=\"160\">Santa Fe<\/td>\n<\/tr>\n<tr>\n<td colspan=\"4\" width=\"566\"><strong>JUNIO<\/strong><\/td>\n<\/tr>\n<tr>\n<td colspan=\"2\" width=\"89\">5-6<\/td>\n<td width=\"316\">22\u00b0 Copa Nacional U16<\/td>\n<td width=\"160\"><strong>Santa Fe- SFE<\/strong><\/td>\n<\/tr>\n<tr>\n<td colspan=\"2\" width=\"89\">12<\/td>\n<td width=\"316\">Local D<\/td>\n<td width=\"160\">Santa Fe<\/td>\n<\/tr>\n<tr>\n<td colspan=\"2\" width=\"89\">19<\/td>\n<td width=\"316\">Local C<\/td>\n<td width=\"160\">Santa Fe<\/td>\n<\/tr>\n<tr>\n<td colspan=\"4\" width=\"566\"><strong>JULIO<\/strong><\/td>\n<\/tr>\n<tr>\n<td colspan=\"2\" width=\"89\">24<\/td>\n<td width=\"316\">Provincial de U-23<\/td>\n<td width=\"160\">Rosario<\/td>\n<\/tr>\n<tr>\n<td colspan=\"2\" width=\"89\">&nbsp;<\/td>\n<td width=\"316\"><strong>\u00a0\u00a0\u00a0\u00a0\u00a0\u00a0\u00a0\u00a0\u00a0\u00a0 AGOSTO<\/strong><\/td>\n<td width=\"160\">&nbsp;<\/td>\n<\/tr>\n<tr>\n<td colspan=\"2\" width=\"89\">17<\/td>\n<td width=\"316\">Provincial de U-18<\/td>\n<td width=\"160\">Santa Fe<\/td>\n<\/tr>\n<tr>\n<td colspan=\"4\" width=\"566\"><strong>SEPTIEMBRE<\/strong><\/td>\n<\/tr>\n<tr>\n<td colspan=\"2\" width=\"89\">18-19<\/td>\n<td width=\"316\">30\u00b0 Copa Nacional Mayores<\/td>\n<td width=\"160\"><strong>ROSARIO-SFE<\/strong><\/td>\n<\/tr>\n<tr>\n<td colspan=\"2\" width=\"89\">24<\/td>\n<td width=\"316\">Provincial de Cros Country<\/td>\n<td width=\"160\"><strong>\u00a0<\/strong><\/td>\n<\/tr>\n<\/tbody>\n<\/table>\n<p>&nbsp;<\/p>\n","protected":false},"excerpt":{"rendered":"<p>Despu\u00e9s de haber comenzado la actividad en nuestra provincia el s\u00e1bado en Rosario con el torneo Iniciaci\u00f3n, el pr\u00f3ximo s\u00e1bado<\/p>\n","protected":false},"author":2,"featured_media":23890,"comment_status":"open","ping_status":"open","sticky":false,"template":"","format":"standard","meta":{"footnotes":""},"categories":[7,24],"tags":[],"class_list":["post-23889","post","type-post","status-publish","format-standard","has-post-thumbnail","hentry","category-atletismo","category-noticias-destacadas"],"cc_featured_image_caption":{"caption_text":"","source_text":"","source_url":""},"_links":{"self":[{"href":"https:\/\/todoapulmon-rafaela.com\/index.php\/wp-json\/wp\/v2\/posts\/23889"}],"collection":[{"href":"https:\/\/todoapulmon-rafaela.com\/index.php\/wp-json\/wp\/v2\/posts"}],"about":[{"href":"https:\/\/todoapulmon-rafaela.com\/index.php\/wp-json\/wp\/v2\/types\/post"}],"author":[{"embeddable":true,"href":"https:\/\/todoapulmon-rafaela.com\/index.php\/wp-json\/wp\/v2\/users\/2"}],"replies":[{"embeddable":true,"href":"https:\/\/todoapulmon-rafaela.com\/index.php\/wp-json\/wp\/v2\/comments?post=23889"}],"version-history":[{"count":1,"href":"https:\/\/todoapulmon-rafaela.com\/index.php\/wp-json\/wp\/v2\/posts\/23889\/revisions"}],"predecessor-version":[{"id":23891,"href":"https:\/\/todoapulmon-rafaela.com\/index.php\/wp-json\/wp\/v2\/posts\/23889\/revisions\/23891"}],"wp:featuredmedia":[{"embeddable":true,"href":"https:\/\/todoapulmon-rafaela.com\/index.php\/wp-json\/wp\/v2\/media\/23890"}],"wp:attachment":[{"href":"https:\/\/todoapulmon-rafaela.com\/index.php\/wp-json\/wp\/v2\/media?parent=23889"}],"wp:term":[{"taxonomy":"category","embeddable":true,"href":"https:\/\/todoapulmon-rafaela.com\/index.php\/wp-json\/wp\/v2\/categories?post=23889"},{"taxonomy":"post_tag","embeddable":true,"href":"https:\/\/todoapulmon-rafaela.com\/index.php\/wp-json\/wp\/v2\/tags?post=23889"}],"curies":[{"name":"wp","href":"https:\/\/api.w.org\/{rel}","templated":true}]}}