{"id":23846,"date":"2021-02-07T21:21:15","date_gmt":"2021-02-07T21:21:15","guid":{"rendered":"https:\/\/todoapulmon-rafaela.com\/?p=23846"},"modified":"2021-02-07T21:21:15","modified_gmt":"2021-02-07T21:21:15","slug":"acuna-en-la-lista-preliminar-para-la-ventana-internacional","status":"publish","type":"post","link":"https:\/\/todoapulmon-rafaela.com\/index.php\/2021\/02\/07\/acuna-en-la-lista-preliminar-para-la-ventana-internacional\/","title":{"rendered":"Acu\u00f1a en la lista preliminar para la ventana internacional"},"content":{"rendered":"<div>Los Juegos Ol\u00edmpicos de Tokio son la gran ilusi\u00f3n que persigue el Alma para este 2021, luego del subcampeonato logrado en el Mundial de China. Sin embargo, Argentina comenzar\u00e1 su a\u00f1o competitivo con un primer objetivo muy diferente: conseguir el boleto para la AmeriCup 2022.<\/div>\n<div>Con ese objetivo en mente, la Selecci\u00f3n que comanda Gabriel Piccato viajar\u00e1 el 18 a Cali, Colombia, para disputar la tercera y \u00faltima ventana clasificatoria al torneo el domingo 21 y lunes 22 de este mes. El primer d\u00eda el rival ser\u00e1 Chile, a las 22.10, mientras que el segundo enfrentamiento ser\u00e1 ante el combinado local, a las 20.10.<br \/>\nEn noviembre del a\u00f1o pasado, el seleccionado super\u00f3 a ambos conjuntos en el estadio de Obras: a Chile por 67-61 y a Colombia 75-67.<\/div>\n<div>El seleccionado argentino ya tiene una n\u00f3mina de 23 jugadores que estar\u00e1n afectados a los partidos de la \u00faltima ventana clasificatoria. Piccato resolvi\u00f3 convocar solamente a representantes del medio local y no hay ning\u00fan exponente que act\u00fae en el extranjero. La buena noticia es el regreso del rafaelino Roberto Acu\u00f1a, actual jugador de San Lorenzo, que no estuvo en la anterior convocatoria de Piccato, cuando el Toro jugaba en M\u00e9xico.<br \/>\nEsta lista inicial de basquetbolistas quedar\u00e1 reducida a doce integrantes.<br \/>\nLos jugadores designados por el entrenador son los siguientes:\u00a0<strong>Bases:<\/strong>\u00a0Juan Brussino (Instituto de C\u00f3rdoba), Franco Baralle (Quimsa de Santiago del Estero), Fernando Zurbriggen (Obras Basket), Jos\u00e9 Vildoza (San Lorenzo) y Marco Giordano (Regatas Corrientes).<br \/>\n<strong>Escoltas:<\/strong>\u00a0Leonel Schattmann (Boca Juniors), Mat\u00edas Solanas (San Mart\u00edn de Corrientes), Iv\u00e1n Gramajo (Quimsa), Tom\u00e1s Monacchi (Pe\u00f1arol de Mar del Plata) y Mateo Chiarini (Instituto de C\u00f3rdoba).<br \/>\n<strong>Aleros:\u00a0<\/strong>Fausto Ruesga (Bah\u00eda Basket), M\u00e1ximo Fjellerup (San Lorenzo), Mauro Cosolito (Quimsa), Leonardo Lema (Atenas de C\u00f3rdoba) y Mart\u00edn Fern\u00e1ndez (Regatas Corrientes).<br \/>\n<strong>Ala pivotes:<\/strong>\u00a0Facundo Pi\u00f1ero (San Lorenzo), Federico Aguerre (Boca Juniors), Javier Saiz (San Mart\u00edn de Corrientes) y Fabi\u00e1n Ram\u00edrez Barrios (Quimsa).<br \/>\n<strong>Pivotes:<\/strong>\u00a0Roberto Acu\u00f1a (San Lorenzo), Lautaro Berra (Obras Basket), Tayavek Gallizzi y Agust\u00edn Caffaro (Regatas Corrientes).<\/div>\n","protected":false},"excerpt":{"rendered":"<p>Los Juegos Ol\u00edmpicos de Tokio son la gran ilusi\u00f3n que persigue el Alma para este 2021, luego del subcampeonato logrado<\/p>\n","protected":false},"author":2,"featured_media":23847,"comment_status":"open","ping_status":"open","sticky":false,"template":"","format":"standard","meta":{"footnotes":""},"categories":[5,24],"tags":[],"class_list":["post-23846","post","type-post","status-publish","format-standard","has-post-thumbnail","hentry","category-basquet","category-noticias-destacadas"],"cc_featured_image_caption":{"caption_text":"Foto LaLigaNacional","source_text":"","source_url":""},"_links":{"self":[{"href":"https:\/\/todoapulmon-rafaela.com\/index.php\/wp-json\/wp\/v2\/posts\/23846"}],"collection":[{"href":"https:\/\/todoapulmon-rafaela.com\/index.php\/wp-json\/wp\/v2\/posts"}],"about":[{"href":"https:\/\/todoapulmon-rafaela.com\/index.php\/wp-json\/wp\/v2\/types\/post"}],"author":[{"embeddable":true,"href":"https:\/\/todoapulmon-rafaela.com\/index.php\/wp-json\/wp\/v2\/users\/2"}],"replies":[{"embeddable":true,"href":"https:\/\/todoapulmon-rafaela.com\/index.php\/wp-json\/wp\/v2\/comments?post=23846"}],"version-history":[{"count":1,"href":"https:\/\/todoapulmon-rafaela.com\/index.php\/wp-json\/wp\/v2\/posts\/23846\/revisions"}],"predecessor-version":[{"id":23848,"href":"https:\/\/todoapulmon-rafaela.com\/index.php\/wp-json\/wp\/v2\/posts\/23846\/revisions\/23848"}],"wp:featuredmedia":[{"embeddable":true,"href":"https:\/\/todoapulmon-rafaela.com\/index.php\/wp-json\/wp\/v2\/media\/23847"}],"wp:attachment":[{"href":"https:\/\/todoapulmon-rafaela.com\/index.php\/wp-json\/wp\/v2\/media?parent=23846"}],"wp:term":[{"taxonomy":"category","embeddable":true,"href":"https:\/\/todoapulmon-rafaela.com\/index.php\/wp-json\/wp\/v2\/categories?post=23846"},{"taxonomy":"post_tag","embeddable":true,"href":"https:\/\/todoapulmon-rafaela.com\/index.php\/wp-json\/wp\/v2\/tags?post=23846"}],"curies":[{"name":"wp","href":"https:\/\/api.w.org\/{rel}","templated":true}]}}