{"id":23670,"date":"2021-01-15T22:39:02","date_gmt":"2021-01-15T22:39:02","guid":{"rendered":"https:\/\/todoapulmon-rafaela.com\/?p=23670"},"modified":"2021-01-15T22:40:31","modified_gmt":"2021-01-15T22:40:31","slug":"settembrini-cuelga-el-silbato","status":"publish","type":"post","link":"https:\/\/todoapulmon-rafaela.com\/index.php\/2021\/01\/15\/settembrini-cuelga-el-silbato\/","title":{"rendered":"Settembrini cuelga el silbato"},"content":{"rendered":"<p>A punto de cumplir 61 a\u00f1os de edad y 42 de carrera arbitral, Roberto Settembrini anunci\u00f3 este viernes en las redes sociales que cuando pueda volver el b\u00e1squet a las canchas, en el \u00e1mbito local, ya no estar\u00e1 dirigiendo.<br \/>\n\u00abSe termin\u00f3 mi carrera arbitral en forma activa. Cerca de casi 10.000 partidos no es f\u00e1cil..Grandes amigos, colegas, familiares y la sociedad misma han sido y son parte de mi historia..Qu\u00e9 otra cosa decir ?..Gracias.\u00bb<br \/>\nSin dudas, una enorme trayectoria para quien ya era juez provincial en 1981, nacional en 1986 e internacional en 1991; que dirigi\u00f3 finales de Liga Nacional, Mundiales y partidos de gran trascendencia. Seguramente desde otra funci\u00f3n, pero seguir\u00e1 siendo un aporte fundamental para el surgimiento de los nuevos valores del arbitraje local. Una pena que la pandemia no le haya permitido retirarse de la manera que se merec\u00eda, en una cancha de b\u00e1squet.<\/p>\n","protected":false},"excerpt":{"rendered":"<p>A punto de cumplir 61 a\u00f1os de edad y 42 de carrera arbitral, Roberto Settembrini anunci\u00f3 este viernes en las<\/p>\n","protected":false},"author":2,"featured_media":23671,"comment_status":"open","ping_status":"open","sticky":false,"template":"","format":"standard","meta":{"footnotes":""},"categories":[5,24],"tags":[],"class_list":["post-23670","post","type-post","status-publish","format-standard","has-post-thumbnail","hentry","category-basquet","category-noticias-destacadas"],"cc_featured_image_caption":{"caption_text":"Roberto Settembrini cuando fue distinguido en 2018, en el Coliseo del Sur. Junto a Leonardo Crosetti y Luis Silvano.","source_text":"","source_url":""},"_links":{"self":[{"href":"https:\/\/todoapulmon-rafaela.com\/index.php\/wp-json\/wp\/v2\/posts\/23670"}],"collection":[{"href":"https:\/\/todoapulmon-rafaela.com\/index.php\/wp-json\/wp\/v2\/posts"}],"about":[{"href":"https:\/\/todoapulmon-rafaela.com\/index.php\/wp-json\/wp\/v2\/types\/post"}],"author":[{"embeddable":true,"href":"https:\/\/todoapulmon-rafaela.com\/index.php\/wp-json\/wp\/v2\/users\/2"}],"replies":[{"embeddable":true,"href":"https:\/\/todoapulmon-rafaela.com\/index.php\/wp-json\/wp\/v2\/comments?post=23670"}],"version-history":[{"count":2,"href":"https:\/\/todoapulmon-rafaela.com\/index.php\/wp-json\/wp\/v2\/posts\/23670\/revisions"}],"predecessor-version":[{"id":23674,"href":"https:\/\/todoapulmon-rafaela.com\/index.php\/wp-json\/wp\/v2\/posts\/23670\/revisions\/23674"}],"wp:featuredmedia":[{"embeddable":true,"href":"https:\/\/todoapulmon-rafaela.com\/index.php\/wp-json\/wp\/v2\/media\/23671"}],"wp:attachment":[{"href":"https:\/\/todoapulmon-rafaela.com\/index.php\/wp-json\/wp\/v2\/media?parent=23670"}],"wp:term":[{"taxonomy":"category","embeddable":true,"href":"https:\/\/todoapulmon-rafaela.com\/index.php\/wp-json\/wp\/v2\/categories?post=23670"},{"taxonomy":"post_tag","embeddable":true,"href":"https:\/\/todoapulmon-rafaela.com\/index.php\/wp-json\/wp\/v2\/tags?post=23670"}],"curies":[{"name":"wp","href":"https:\/\/api.w.org\/{rel}","templated":true}]}}