{"id":2367,"date":"2016-08-29T11:37:46","date_gmt":"2016-08-29T11:37:46","guid":{"rendered":"http:\/\/todoapulmon-rafaela.com\/?p=2367"},"modified":"2016-08-29T11:37:46","modified_gmt":"2016-08-29T11:37:46","slug":"otro-positivo-balance-para-el-cef-53-en-un-nacional","status":"publish","type":"post","link":"https:\/\/todoapulmon-rafaela.com\/index.php\/2016\/08\/29\/otro-positivo-balance-para-el-cef-53-en-un-nacional\/","title":{"rendered":"Otro positivo balance para el CEF 53 en un Nacional"},"content":{"rendered":"<p>Con una delegaci\u00f3n de solo cuatro representantes dentro del equipo de la provincia de Santa Fe, el Centro de Educaci\u00f3n F\u00edsica N\u00ba 53 volvi\u00f3 a mostrar el alto nivel de sus atletas en el marco del Campeonato Nacional Sub 23 que se realiz\u00f3 en Resistencia, Chaco.<\/p>\n<p>El s\u00e1bado todo comenz\u00f3 de muy buena manera con la medalla de bronce de Jemina Acevedo en lanzamiento de bala, recordando que tiene edad de categor\u00eda menores y compiti\u00f3 con chicas de mayor edad. Luego, el domingo, lleg\u00f3 la medalla dorada de Sof\u00eda Kloster en los 10.000 metros de la prueba de marcha, y por la tarde se dio otra medalla de bronce.<\/p>\n<p>Fue por intermedio de Celina Harte -al igual que Kloster entrenada por Ariel Magallanes- que consigui\u00f3 subir al podio en salto en alto con el tercer puesto. Lo hizo con una marca de 1m60.<\/p>\n<p>Asimismo, Jemina Acevedo (entrenada por Enrique Aguirre), complet\u00f3 su participaci\u00f3n este domingo con el cuarto puesto en disco con un registro de 36m10. La prueba fue ganada por Ail\u00e9n Armada (Buenos Aires) con 46m72. Finalmente, Josefina\u00a0Benassi fue novena en salto triple con 9m87.<br \/>\nEl certamen fue evaluativo para designar el equipo nacional que participar\u00e1 del campeonato Sudamericano en Lima, Per\u00fa, el mes pr\u00f3ximo.<\/p>\n","protected":false},"excerpt":{"rendered":"<p>Con una delegaci\u00f3n de solo cuatro representantes dentro del equipo de la provincia de Santa Fe, el Centro de Educaci\u00f3n<\/p>\n","protected":false},"author":2,"featured_media":2368,"comment_status":"open","ping_status":"open","sticky":false,"template":"","format":"standard","meta":{"footnotes":""},"categories":[7,24],"tags":[],"class_list":["post-2367","post","type-post","status-publish","format-standard","has-post-thumbnail","hentry","category-atletismo","category-noticias-destacadas"],"cc_featured_image_caption":{"caption_text":"Celina Harte obtuvo la medalla de bronce en salto en alto.","source_text":"","source_url":""},"_links":{"self":[{"href":"https:\/\/todoapulmon-rafaela.com\/index.php\/wp-json\/wp\/v2\/posts\/2367"}],"collection":[{"href":"https:\/\/todoapulmon-rafaela.com\/index.php\/wp-json\/wp\/v2\/posts"}],"about":[{"href":"https:\/\/todoapulmon-rafaela.com\/index.php\/wp-json\/wp\/v2\/types\/post"}],"author":[{"embeddable":true,"href":"https:\/\/todoapulmon-rafaela.com\/index.php\/wp-json\/wp\/v2\/users\/2"}],"replies":[{"embeddable":true,"href":"https:\/\/todoapulmon-rafaela.com\/index.php\/wp-json\/wp\/v2\/comments?post=2367"}],"version-history":[{"count":1,"href":"https:\/\/todoapulmon-rafaela.com\/index.php\/wp-json\/wp\/v2\/posts\/2367\/revisions"}],"predecessor-version":[{"id":2369,"href":"https:\/\/todoapulmon-rafaela.com\/index.php\/wp-json\/wp\/v2\/posts\/2367\/revisions\/2369"}],"wp:featuredmedia":[{"embeddable":true,"href":"https:\/\/todoapulmon-rafaela.com\/index.php\/wp-json\/wp\/v2\/media\/2368"}],"wp:attachment":[{"href":"https:\/\/todoapulmon-rafaela.com\/index.php\/wp-json\/wp\/v2\/media?parent=2367"}],"wp:term":[{"taxonomy":"category","embeddable":true,"href":"https:\/\/todoapulmon-rafaela.com\/index.php\/wp-json\/wp\/v2\/categories?post=2367"},{"taxonomy":"post_tag","embeddable":true,"href":"https:\/\/todoapulmon-rafaela.com\/index.php\/wp-json\/wp\/v2\/tags?post=2367"}],"curies":[{"name":"wp","href":"https:\/\/api.w.org\/{rel}","templated":true}]}}