{"id":23628,"date":"2021-01-11T17:03:40","date_gmt":"2021-01-11T17:03:40","guid":{"rendered":"https:\/\/todoapulmon-rafaela.com\/?p=23628"},"modified":"2021-01-11T17:06:56","modified_gmt":"2021-01-11T17:06:56","slug":"bikers-rafaelinos-compitieron-en-el-fuertecito","status":"publish","type":"post","link":"https:\/\/todoapulmon-rafaela.com\/index.php\/2021\/01\/11\/bikers-rafaelinos-compitieron-en-el-fuertecito\/","title":{"rendered":"Bikers rafaelinos compitieron en El Fuertecito"},"content":{"rendered":"<p>En El Fuertecito, inmediaciones de Arroyito (C\u00f3rdoba), se desarroll\u00f3 el domingo una competencia de Rural Bike en la modalidad contrarreloj individual. El circuito utilizado tuvo una extensi\u00f3n de 34,5 km, con distancias a recorrer de acuerdo a las categor\u00edas.<\/p>\n<p>Asisti\u00f3 a esta programaci\u00f3n una nutrida cantidad de bikers rafaelinos, con buenos resultados.<\/p>\n<p>En Damas A logr\u00f3 el primer puesto Vanesa Pons con un tiempo de 1h17m38s, clasific\u00e1ndose adem\u00e1s en el cuarto puesto de la general femenina.<\/p>\n<p>En Master A1 obtuvo el segundo puesto Mat\u00edas Zeballos con un registro de 1h04m14s, mientras que Leandro Macagno fue tercero en 1h04m15s.<\/p>\n<p>En la categor\u00eda Elite fue quinto Gabriel Durando en 1h09m12s.<\/p>\n<p>Adem\u00e1s compiti\u00f3 Ezequiel Al\u00ed en la categor\u00eda B1.<\/p>\n<p>Dentro de la categor\u00eda principiantes, fue tercero Juan Medina con 52m11s y sexto Lautaro Battaglino en 55m26.<\/p>\n<p>&nbsp;<\/p>\n","protected":false},"excerpt":{"rendered":"<p>En El Fuertecito, inmediaciones de Arroyito (C\u00f3rdoba), se desarroll\u00f3 el domingo una competencia de Rural Bike en la modalidad contrarreloj<\/p>\n","protected":false},"author":2,"featured_media":23631,"comment_status":"open","ping_status":"open","sticky":false,"template":"","format":"standard","meta":{"footnotes":""},"categories":[4,24],"tags":[],"class_list":["post-23628","post","type-post","status-publish","format-standard","has-post-thumbnail","hentry","category-ciclismo","category-noticias-destacadas"],"cc_featured_image_caption":{"caption_text":"Vanesa Pons se impuso en su categor\u00eda y fue cuarta en la general de damas.","source_text":"","source_url":""},"_links":{"self":[{"href":"https:\/\/todoapulmon-rafaela.com\/index.php\/wp-json\/wp\/v2\/posts\/23628"}],"collection":[{"href":"https:\/\/todoapulmon-rafaela.com\/index.php\/wp-json\/wp\/v2\/posts"}],"about":[{"href":"https:\/\/todoapulmon-rafaela.com\/index.php\/wp-json\/wp\/v2\/types\/post"}],"author":[{"embeddable":true,"href":"https:\/\/todoapulmon-rafaela.com\/index.php\/wp-json\/wp\/v2\/users\/2"}],"replies":[{"embeddable":true,"href":"https:\/\/todoapulmon-rafaela.com\/index.php\/wp-json\/wp\/v2\/comments?post=23628"}],"version-history":[{"count":1,"href":"https:\/\/todoapulmon-rafaela.com\/index.php\/wp-json\/wp\/v2\/posts\/23628\/revisions"}],"predecessor-version":[{"id":23630,"href":"https:\/\/todoapulmon-rafaela.com\/index.php\/wp-json\/wp\/v2\/posts\/23628\/revisions\/23630"}],"wp:featuredmedia":[{"embeddable":true,"href":"https:\/\/todoapulmon-rafaela.com\/index.php\/wp-json\/wp\/v2\/media\/23631"}],"wp:attachment":[{"href":"https:\/\/todoapulmon-rafaela.com\/index.php\/wp-json\/wp\/v2\/media?parent=23628"}],"wp:term":[{"taxonomy":"category","embeddable":true,"href":"https:\/\/todoapulmon-rafaela.com\/index.php\/wp-json\/wp\/v2\/categories?post=23628"},{"taxonomy":"post_tag","embeddable":true,"href":"https:\/\/todoapulmon-rafaela.com\/index.php\/wp-json\/wp\/v2\/tags?post=23628"}],"curies":[{"name":"wp","href":"https:\/\/api.w.org\/{rel}","templated":true}]}}