{"id":23611,"date":"2021-01-10T13:40:31","date_gmt":"2021-01-10T13:40:31","guid":{"rendered":"https:\/\/todoapulmon-rafaela.com\/?p=23611"},"modified":"2021-01-10T13:40:31","modified_gmt":"2021-01-10T13:40:31","slug":"el-balance-fue-muy-positivo","status":"publish","type":"post","link":"https:\/\/todoapulmon-rafaela.com\/index.php\/2021\/01\/10\/el-balance-fue-muy-positivo\/","title":{"rendered":"\u00abEl balance fue muy positivo\u00bb"},"content":{"rendered":"<p>Guillermo Ram\u00edrez, coordinador del handball, expres\u00f3 su conformismo por estos meses iniciales de la disciplina en Argentino Quilmes.<\/p>\n<p>Se termin\u00f3 2020 y entre las noticias trascendentes que depar\u00f3 el deporte amateur est\u00e1 la llegada del hanball a Argentino Quilmes. El proyecto tuvo buena recepci\u00f3n desde un comienzo en la instituci\u00f3n \u00abcervecera\u00bb, como para que los entrenadores pudieran trabajar, dentro del contexto que tuvimos este a\u00f1o, con tranquilidad.<\/p>\n<p>\u00abEste a\u00f1o el balance que hicimos fue muy positivo, a sabiendas que nos encontr\u00e1bamos con un cambio muy grande de pasar a una instituaci\u00f3n deportiva como es Quilmes. Y bueno, con los altibajos producto del avance de la pandemia, pero cada grupo fue mejorando d\u00eda a d\u00eda en cuanto al n\u00famero y a la calidad de los entrenamientos\u00bb, expres\u00f3 el Coordinador, Guillermo Ram\u00edrez, en referencia a 2020.<\/p>\n<p>Asimismo, acot\u00f3 que \u00abcreo que tambi\u00e9n nos ha servido para que nosotros nos vayamos acomodando en cuanto a elementos, a indumentaria, para afrontar el 2021 de la mejor manera\u00bb.<\/p>\n<p>Reci\u00e9n en diciembre el gobierno provincial autoriz\u00f3 los entrenamientos con contacto f\u00edsico, vitales en deportes colectivos y m\u00e1s a\u00fan en el handball. Sobre c\u00f3mo fue entrenar hasta ese momento, el Profe puntualiz\u00f3 que \u00abse hizo muy complicado, sobre todo al principio, porque el handball es uno de los deportes de mayor contacto. De todas formas con el grupo de profesores hemos trabajado con propuestas para mantener la motivaci\u00f3n de los deportistas. Ahora para nosotros es de gran alivio empezar los entrenamientos mas de forma grupal, no solo para la parte t\u00e1ctica, sino tambi\u00e9n para t\u00e9cnica individual de contacto que en este deporte es muy importante\u00bb.<\/p>\n<p>Refiri\u00e9ndose al n\u00famero de deportistas que se sumaron a la propuesta, mencion\u00f3 que \u00abestamos muy contentos en cuanto a la cantidad y calidad de personas que se fueron sumando en todas las categor\u00edas, sobre todo en la rama femenina, algo que ven\u00edamos en anteriores a\u00f1os teniendo dificultades\u00bb.<\/p>\n<p><img loading=\"lazy\" decoding=\"async\" class=\"alignnone size-medium wp-image-23613\" src=\"https:\/\/todoapulmon-rafaela.com\/wp-content\/uploads\/2021\/01\/P1390997-213x300.jpg\" alt=\"P1390997\" width=\"213\" height=\"300\" srcset=\"https:\/\/todoapulmon-rafaela.com\/wp-content\/uploads\/2021\/01\/P1390997-213x300.jpg 213w, https:\/\/todoapulmon-rafaela.com\/wp-content\/uploads\/2021\/01\/P1390997-1066x1500.jpg 1066w\" sizes=\"(max-width: 213px) 100vw, 213px\" \/><\/p>\n<p>Como sucede en varias disciplinas, este verano tendr\u00e1 menos vacaciones y m\u00e1s pr\u00e1cticas, en especial con los m\u00e1s grandes. En tal sentido expres\u00f3 que \u00abentrenamos hasta el 11 de diciembre, ah\u00ed realizamos un corte hasta el 1 de febrero en todas las divisiones, menos primera divisi\u00f3n y juveniles, en ambas ramas, femenino y masculino, ya que la ASH tiene previsto realizar torneos de verano\u00bb.<\/p>\n<p>En cuanto a los objetivos del a\u00f1o que comenzamos a transitar, destac\u00f3 que \u00abes seguir compitiendo en primera divisi\u00f3n masculino de la Asociaci\u00f3n Santafesina, y seguir anex\u00e1ndole otras categor\u00edas como primera femenino, y juveniles femenino y masculino. Y con las dem\u00e1s categor\u00edas ir a encuentros amistosos, tanto en nuestra como provincia como en otras cercanas\u00bb.<\/p>\n<p>NOTA: este texto fue publicado originalmente en la edici\u00f3n impresa de Revista Todo a Pulm\u00f3n, correspondiente al n\u00famero 91 en diciembre de 2020.<\/p>\n","protected":false},"excerpt":{"rendered":"<p>Guillermo Ram\u00edrez, coordinador del handball, expres\u00f3 su conformismo por estos meses iniciales de la disciplina en Argentino Quilmes. Se termin\u00f3<\/p>\n","protected":false},"author":2,"featured_media":23612,"comment_status":"open","ping_status":"open","sticky":false,"template":"","format":"standard","meta":{"footnotes":""},"categories":[24],"tags":[],"class_list":["post-23611","post","type-post","status-publish","format-standard","has-post-thumbnail","hentry","category-noticias-destacadas"],"cc_featured_image_caption":{"caption_text":"","source_text":"","source_url":""},"_links":{"self":[{"href":"https:\/\/todoapulmon-rafaela.com\/index.php\/wp-json\/wp\/v2\/posts\/23611"}],"collection":[{"href":"https:\/\/todoapulmon-rafaela.com\/index.php\/wp-json\/wp\/v2\/posts"}],"about":[{"href":"https:\/\/todoapulmon-rafaela.com\/index.php\/wp-json\/wp\/v2\/types\/post"}],"author":[{"embeddable":true,"href":"https:\/\/todoapulmon-rafaela.com\/index.php\/wp-json\/wp\/v2\/users\/2"}],"replies":[{"embeddable":true,"href":"https:\/\/todoapulmon-rafaela.com\/index.php\/wp-json\/wp\/v2\/comments?post=23611"}],"version-history":[{"count":1,"href":"https:\/\/todoapulmon-rafaela.com\/index.php\/wp-json\/wp\/v2\/posts\/23611\/revisions"}],"predecessor-version":[{"id":23614,"href":"https:\/\/todoapulmon-rafaela.com\/index.php\/wp-json\/wp\/v2\/posts\/23611\/revisions\/23614"}],"wp:featuredmedia":[{"embeddable":true,"href":"https:\/\/todoapulmon-rafaela.com\/index.php\/wp-json\/wp\/v2\/media\/23612"}],"wp:attachment":[{"href":"https:\/\/todoapulmon-rafaela.com\/index.php\/wp-json\/wp\/v2\/media?parent=23611"}],"wp:term":[{"taxonomy":"category","embeddable":true,"href":"https:\/\/todoapulmon-rafaela.com\/index.php\/wp-json\/wp\/v2\/categories?post=23611"},{"taxonomy":"post_tag","embeddable":true,"href":"https:\/\/todoapulmon-rafaela.com\/index.php\/wp-json\/wp\/v2\/tags?post=23611"}],"curies":[{"name":"wp","href":"https:\/\/api.w.org\/{rel}","templated":true}]}}