{"id":23507,"date":"2020-12-21T14:16:39","date_gmt":"2020-12-21T14:16:39","guid":{"rendered":"https:\/\/todoapulmon-rafaela.com\/?p=23507"},"modified":"2020-12-21T14:16:39","modified_gmt":"2020-12-21T14:16:39","slug":"la-vuelta-del-tenis-interclubes","status":"publish","type":"post","link":"https:\/\/todoapulmon-rafaela.com\/index.php\/2020\/12\/21\/la-vuelta-del-tenis-interclubes\/","title":{"rendered":"La vuelta del tenis Interclubes"},"content":{"rendered":"<p>Los habituales equipos de la regi\u00f3n de primera categor\u00eda de tenis amateur volvieron a reencontrarse en las canchas este fin de semana, pr\u00e1cticamente en el cierre de este at\u00edpico 2020, en el Interclubes organizado por el Jockey Club de Santa Fe. Entre ellos estuvo Rafaela Tenis Team que disput\u00f3 la zona clasificatoria con un balance de un triunfo y una derrota, no pudiendo acceder a las semifinales.<\/p>\n<p>La escuadra estuvo integrada por Mariano Fava, Carlos Zaffetti, Ignacio Terragni, Federico Zeiter y Agust\u00edn Vincenti. Se impuso por 2 a 1 al Jockey de Santa Fe y luego perdi\u00f3 por el mismo resultado ante Rafa Tenis de Esperanza.<\/p>\n<p>El t\u00edtulo fue para el Lawn Tenis Esperancino superando a Santa Fe LTC por 2 a 1. Por supuesto, lo m\u00e1s importante pas\u00f3 por sentir las sensaciones de disfrutar del deporte que los apasiona.<\/p>\n<p>El pr\u00f3ximo campeonato est\u00e1 previsto ya en 2021, para el mes de febrero.<\/p>\n<p>&nbsp;<\/p>\n","protected":false},"excerpt":{"rendered":"<p>Los habituales equipos de la regi\u00f3n de primera categor\u00eda de tenis amateur volvieron a reencontrarse en las canchas este fin<\/p>\n","protected":false},"author":2,"featured_media":23510,"comment_status":"open","ping_status":"open","sticky":false,"template":"","format":"standard","meta":{"footnotes":""},"categories":[24,6],"tags":[],"class_list":["post-23507","post","type-post","status-publish","format-standard","has-post-thumbnail","hentry","category-noticias-destacadas","category-tenis"],"cc_featured_image_caption":{"caption_text":"Zeiter, Vincenti, Fava, Terragni y Zaffetti en el \u00fanico torneo del a\u00f1o jugado en Santa Fe.","source_text":"","source_url":""},"_links":{"self":[{"href":"https:\/\/todoapulmon-rafaela.com\/index.php\/wp-json\/wp\/v2\/posts\/23507"}],"collection":[{"href":"https:\/\/todoapulmon-rafaela.com\/index.php\/wp-json\/wp\/v2\/posts"}],"about":[{"href":"https:\/\/todoapulmon-rafaela.com\/index.php\/wp-json\/wp\/v2\/types\/post"}],"author":[{"embeddable":true,"href":"https:\/\/todoapulmon-rafaela.com\/index.php\/wp-json\/wp\/v2\/users\/2"}],"replies":[{"embeddable":true,"href":"https:\/\/todoapulmon-rafaela.com\/index.php\/wp-json\/wp\/v2\/comments?post=23507"}],"version-history":[{"count":2,"href":"https:\/\/todoapulmon-rafaela.com\/index.php\/wp-json\/wp\/v2\/posts\/23507\/revisions"}],"predecessor-version":[{"id":23511,"href":"https:\/\/todoapulmon-rafaela.com\/index.php\/wp-json\/wp\/v2\/posts\/23507\/revisions\/23511"}],"wp:featuredmedia":[{"embeddable":true,"href":"https:\/\/todoapulmon-rafaela.com\/index.php\/wp-json\/wp\/v2\/media\/23510"}],"wp:attachment":[{"href":"https:\/\/todoapulmon-rafaela.com\/index.php\/wp-json\/wp\/v2\/media?parent=23507"}],"wp:term":[{"taxonomy":"category","embeddable":true,"href":"https:\/\/todoapulmon-rafaela.com\/index.php\/wp-json\/wp\/v2\/categories?post=23507"},{"taxonomy":"post_tag","embeddable":true,"href":"https:\/\/todoapulmon-rafaela.com\/index.php\/wp-json\/wp\/v2\/tags?post=23507"}],"curies":[{"name":"wp","href":"https:\/\/api.w.org\/{rel}","templated":true}]}}